{"id":24080,"date":"2026-04-30T14:27:13","date_gmt":"2026-04-30T12:27:13","guid":{"rendered":"https:\/\/elcafedepipa.com\/?p=24080"},"modified":"2026-04-30T14:40:53","modified_gmt":"2026-04-30T12:40:53","slug":"lex-ciclista-olimpic-a-seul-1988-agustin-sebastia-cedix-la-seua-medalla-i-diploma-al-poble-de-nules","status":"publish","type":"post","link":"https:\/\/elcafedepipa.com\/index.php\/2026\/04\/30\/lex-ciclista-olimpic-a-seul-1988-agustin-sebastia-cedix-la-seua-medalla-i-diploma-al-poble-de-nules\/","title":{"rendered":"L&#8217;ex ciclista \u00f2limpic a Se\u00fcl 1988, Agust\u00edn Sebasti\u00e0, cedix la seua medalla i diploma al poble de Nules"},"content":{"rendered":"\n<p>S\u2019exhibiran al Museu de Medall\u00edstica Enrique Giner durant un per\u00edode de deu anys<\/p>\n\n\n\n<p>En un acte carregat d&#8217;emoci\u00f3 s\u2019ha celebrat al Sal\u00f3 de Plens de l&#8217;Ajuntament de Nules, la cessi\u00f3 de la medalla i diploma ol\u00edmpics d\u2019Agust\u00edn Juan Sebasti\u00e0, qui fora ciclista en pista professional i l&#8217;\u00fanic ve\u00ed de Nules fins a la data que ha participat en uns Jocs Ol\u00edmpics, a l&#8217;Ajuntament de Nules perqu\u00e8 puguin ser exhibits al Museu de Medall\u00edstica Enrique Giner. L\u2019acte ha estat presidit per l\u2019alcalde de Nules, David Garc\u00eda, i ha comptat tamb\u00e9 amb l\u2019assist\u00e8ncia de diferents membres de la Corporaci\u00f3 Municipal, de familiars i amics.<\/p>\n\n\n\n<p>La cessi\u00f3, amb una duraci\u00f3 segons conveni de deu anys, encara que prorrogable, naix per una decisi\u00f3 familiar, tal com ha explicat Agust\u00edn Sebasti\u00e0 a l&#8217;acte, \u201cal costat de la meua fam\u00edlia, la meua dona i els meus fills, decidim que la medalla havia d&#8217;estar en el millor museu de la medalla d&#8217;Espanya i d\u2019Europa, i que a m\u00e9s est\u00e0 al nostre municipi. Vull aix\u00ed que les persones expertes en numism\u00e0tica i qualsevol persona puga veure de prop una medalla ol\u00edmpica\u201d.<\/p>\n\n\n\n<p>Segons ha anunciat el regidor de Museus, Guillermo Latorre, qui va gestar aquest conveni, \u201ctant la medalla com el diploma seran exposats de manera permanent al Museu de Medall\u00edstica Enrique Giner en una vitrina tematitzada que no sols compte de forma resumida la gesta d&#8217;Agust\u00edn, sin\u00f3 la composici\u00f3 i dades t\u00e8cniques de la pr\u00f2pia medalla\u201d.<\/p>\n\n\n\n<p>L&#8217;alcalde de Nules, David Garc\u00eda, ha volgut ressaltar el gest altruista d&#8217;Agust\u00edn Sebasti\u00e1 a cedir la medalla al municipi, \u201c\u00e9s un orgull poder rebre la cust\u00f2dia d\u2019aquesta medalla ol\u00edmpica perqu\u00e8 el poble puga gaudir-la\u201d.<\/p>\n","protected":false},"excerpt":{"rendered":"<p>S\u2019exhibiran al Museu de Medall\u00edstica Enrique Giner durant un per\u00edode de deu anys En un acte carregat d&#8217;emoci\u00f3 s\u2019ha celebrat al Sal\u00f3 de Plens de l&#8217;Ajuntament de Nules, la cessi\u00f3 de la medalla i diploma ol\u00edmpics d\u2019Agust\u00edn Juan Sebasti\u00e0, qui fora ciclista en pista professional i l&#8217;\u00fanic ve\u00ed de Nules fins a la data que &#8230; <a title=\"L&#8217;ex ciclista \u00f2limpic a Se\u00fcl 1988, Agust\u00edn Sebasti\u00e0, cedix la seua medalla i diploma al poble de Nules\" class=\"read-more\" href=\"https:\/\/elcafedepipa.com\/index.php\/2026\/04\/30\/lex-ciclista-olimpic-a-seul-1988-agustin-sebastia-cedix-la-seua-medalla-i-diploma-al-poble-de-nules\/\" aria-label=\"M\u00e9s informaci\u00f3 sobre L&#8217;ex ciclista \u00f2limpic a Se\u00fcl 1988, Agust\u00edn Sebasti\u00e0, cedix la seua medalla i diploma al poble de Nules\">Read more<\/a><\/p>\n","protected":false},"author":2,"featured_media":24092,"comment_status":"closed","ping_status":"closed","sticky":false,"template":"","format":"standard","meta":{"om_disable_all_campaigns":false,"_monsterinsights_skip_tracking":false,"_monsterinsights_sitenote_active":false,"_monsterinsights_sitenote_note":"","_monsterinsights_sitenote_category":0,"_uf_show_specific_survey":0,"_uf_disable_surveys":false,"footnotes":""},"categories":[3],"tags":[],"class_list":["post-24080","post","type-post","status-publish","format-standard","has-post-thumbnail","hentry","category-nules"],"_links":{"self":[{"href":"https:\/\/elcafedepipa.com\/index.php\/wp-json\/wp\/v2\/posts\/24080","targetHints":{"allow":["GET"]}}],"collection":[{"href":"https:\/\/elcafedepipa.com\/index.php\/wp-json\/wp\/v2\/posts"}],"about":[{"href":"https:\/\/elcafedepipa.com\/index.php\/wp-json\/wp\/v2\/types\/post"}],"author":[{"embeddable":true,"href":"https:\/\/elcafedepipa.com\/index.php\/wp-json\/wp\/v2\/users\/2"}],"replies":[{"embeddable":true,"href":"https:\/\/elcafedepipa.com\/index.php\/wp-json\/wp\/v2\/comments?post=24080"}],"version-history":[{"count":1,"href":"https:\/\/elcafedepipa.com\/index.php\/wp-json\/wp\/v2\/posts\/24080\/revisions"}],"predecessor-version":[{"id":24082,"href":"https:\/\/elcafedepipa.com\/index.php\/wp-json\/wp\/v2\/posts\/24080\/revisions\/24082"}],"wp:featuredmedia":[{"embeddable":true,"href":"https:\/\/elcafedepipa.com\/index.php\/wp-json\/wp\/v2\/media\/24092"}],"wp:attachment":[{"href":"https:\/\/elcafedepipa.com\/index.php\/wp-json\/wp\/v2\/media?parent=24080"}],"wp:term":[{"taxonomy":"category","embeddable":true,"href":"https:\/\/elcafedepipa.com\/index.php\/wp-json\/wp\/v2\/categories?post=24080"},{"taxonomy":"post_tag","embeddable":true,"href":"https:\/\/elcafedepipa.com\/index.php\/wp-json\/wp\/v2\/tags?post=24080"}],"curies":[{"name":"wp","href":"https:\/\/api.w.org\/{rel}","templated":true}]}}