{"id":24076,"date":"2026-04-30T09:40:53","date_gmt":"2026-04-30T07:40:53","guid":{"rendered":"https:\/\/elcafedepipa.com\/?p=24076"},"modified":"2026-04-30T09:41:03","modified_gmt":"2026-04-30T07:41:03","slug":"la-unio-sollicita-al-ministeri-deconomia-que-pressione-a-brusselles-perque-sactive-la-clausula-de-salvaguarda-per-als-citrics-procedents-de-sud-africa","status":"publish","type":"post","link":"https:\/\/elcafedepipa.com\/index.php\/2026\/04\/30\/la-unio-sollicita-al-ministeri-deconomia-que-pressione-a-brusselles-perque-sactive-la-clausula-de-salvaguarda-per-als-citrics-procedents-de-sud-africa\/","title":{"rendered":"LA UNI\u00d3 sol\u00b7licita al Ministeri d&#8217;Economia que pressione a Brussel\u00b7les perqu\u00e8 s&#8217;active la cl\u00e0usula de salvaguarda per als c\u00edtrics procedents de Sud-\u00e0frica"},"content":{"rendered":"\n<p>&nbsp;La Uni\u00f3 Llauradora i Ramadera ha sol\u00b7licitat al Ministeri d&#8217;Economia que inicie de manera immediata les gestions davant la Comissi\u00f3 Europea per a activar els mecanismes de salvaguarda previstos en l&#8217;Acord d&#8217;Associaci\u00f3 Econ\u00f2mica entre la UE i els pa\u00efsos de l&#8217;\u00c0frica Austral (UE\u2013SADC), davant l&#8217;impacte creixent de les importacions de c\u00edtrics procedents de Sud-\u00e0frica sobre el sector productor europeu.<\/p>\n\n\n\n<p>Aquesta petici\u00f3 s&#8217;ha traslladat en una reuni\u00f3 mantinguda hui a Madrid amb responsables de la Subdirecci\u00f3 General de Defensa Comercial i Pol\u00edtica Aranzel\u00e0ria del Ministeri d&#8217;Economia, en la qual ha participat el secretari general de LA UNI\u00d3, Carles Peris.<\/p>\n\n\n\n<p>Durant la trobada, LA UNI\u00d3 ha exposat una an\u00e0lisi t\u00e8cnica detallada que evidencia un increment substancial de les importacions des de l&#8217;entrada en vigor de l&#8217;acord en 2016, amb un augment del 83% en el volum total de c\u00edtrics i superior al 300% en el cas de xicotets c\u00edtrics com a mandarines i clementines.<\/p>\n\n\n\n<p>L&#8217;organitzaci\u00f3 ha posat l&#8217;accent no sols en el volum, sin\u00f3 en la concentraci\u00f3 d&#8217;aquestes importacions en l&#8217;inici de la campanya europea (setembre\u2013novembre), un per\u00edode clau en el qual es fixen els preus en origen i es determina la rendibilitat de tota la campanya. \u201cNo \u00e9s nom\u00e9s quant entra, sin\u00f3 quan entra, i ho fa just en el moment m\u00e9s sensible per als nostres productors\u201d, han assenyalat des de LA UNI\u00d3.<\/p>\n\n\n\n<p>Aix\u00ed mateix, LA UNI\u00d3 ha destacat l&#8217;evoluci\u00f3 de les mandarines, el creixement exponencial de les quals evid\u00e8ncia una adaptaci\u00f3 de l&#8217;oferta exportadora cap al segment m\u00e9s vulnerable del mercat europeu, malgrat no constituir el nucli inicial del r\u00e8gim aranzelari de l&#8217;acord.<\/p>\n\n\n\n<p>A conseq\u00fc\u00e8ncia d&#8217;aquesta situaci\u00f3, l&#8217;organitzaci\u00f3 agr\u00e0ria ha advertit d&#8217;una deterioraci\u00f3 estructural del sector citr\u00edcola, amb reducci\u00f3 significativa de les varietats primerenques, pressi\u00f3 a la baixa sobre els preus, p\u00e8rdua de capacitat negociadora i dificultats per al relleu generacional en el camp.<\/p>\n\n\n\n<p>Davant aquest escenari, LA UNI\u00d3 considera que concorren les condicions previstes en l&#8217;article 34 de l&#8217;Acord UE\u2013SADC per a activar la cl\u00e0usula de salvaguarda, en existir una pertorbaci\u00f3 del mercat i una amena\u00e7a clara de mal per al sector productor europeu.<\/p>\n\n\n\n<p>Per aix\u00f2, ha sol\u00b7licitat al Ministeri d&#8217;Economia que impulse dues actuacions concretes davant les institucions europees, com s\u00f3n l&#8217;activaci\u00f3 d&#8217;un mecanisme de vigil\u00e0ncia refor\u00e7ada en el per\u00edode sensible de campanya, i l&#8217;obertura d&#8217;una investigaci\u00f3 formal sobre l&#8217;impacte de l&#8217;acord en el sector citr\u00edcola.<\/p>\n\n\n\n<p>\u201cLa pr\u00f2pia normativa europea contempla aquests instruments per a corregir desequilibris. No estem demanant cap excepcionalitat, sin\u00f3 que s&#8217;utilitzen els mecanismes previstos\u201d, han subratllat des de LA UNI\u00d3.<\/p>\n\n\n\n<p>L&#8217;organitzaci\u00f3 tamb\u00e9 ha incidit en la necessitat de tindre en compte l&#8217;efecte acumulatiu d&#8217;altres acords comercials amb tercers pa\u00efsos, que estan intensificant la pressi\u00f3 sobre el calendari productiu europeu i reduint progressivament la finestra comercial del sector.<\/p>\n\n\n\n<p>LA UNI\u00d3 valora positivament la disposici\u00f3 del Ministeri a mantindre aquest primer contacte t\u00e8cnic i confia que Espanya puga liderar aquest expedient a Brussel\u00b7les, donada la base t\u00e8cnica i jur\u00eddica existent. \u201cSi no s&#8217;actua ara, el problema no desapareixer\u00e0, sin\u00f3 que s&#8217;agreujar\u00e0, perqu\u00e8 \u00e9s estructural i acumulatiu\u201d, conclouen des de l&#8217;organitzaci\u00f3.<\/p>\n","protected":false},"excerpt":{"rendered":"<p>&nbsp;La Uni\u00f3 Llauradora i Ramadera ha sol\u00b7licitat al Ministeri d&#8217;Economia que inicie de manera immediata les gestions davant la Comissi\u00f3 Europea per a activar els mecanismes de salvaguarda previstos en l&#8217;Acord d&#8217;Associaci\u00f3 Econ\u00f2mica entre la UE i els pa\u00efsos de l&#8217;\u00c0frica Austral (UE\u2013SADC), davant l&#8217;impacte creixent de les importacions de c\u00edtrics procedents de Sud-\u00e0frica sobre &#8230; <a title=\"LA UNI\u00d3 sol\u00b7licita al Ministeri d&#8217;Economia que pressione a Brussel\u00b7les perqu\u00e8 s&#8217;active la cl\u00e0usula de salvaguarda per als c\u00edtrics procedents de Sud-\u00e0frica\" class=\"read-more\" href=\"https:\/\/elcafedepipa.com\/index.php\/2026\/04\/30\/la-unio-sollicita-al-ministeri-deconomia-que-pressione-a-brusselles-perque-sactive-la-clausula-de-salvaguarda-per-als-citrics-procedents-de-sud-africa\/\" aria-label=\"M\u00e9s informaci\u00f3 sobre LA UNI\u00d3 sol\u00b7licita al Ministeri d&#8217;Economia que pressione a Brussel\u00b7les perqu\u00e8 s&#8217;active la cl\u00e0usula de salvaguarda per als c\u00edtrics procedents de Sud-\u00e0frica\">Read more<\/a><\/p>\n","protected":false},"author":2,"featured_media":24077,"comment_status":"closed","ping_status":"closed","sticky":false,"template":"","format":"standard","meta":{"om_disable_all_campaigns":false,"_monsterinsights_skip_tracking":false,"_monsterinsights_sitenote_active":false,"_monsterinsights_sitenote_note":"","_monsterinsights_sitenote_category":0,"_uf_show_specific_survey":0,"_uf_disable_surveys":false,"footnotes":""},"categories":[1],"tags":[],"class_list":["post-24076","post","type-post","status-publish","format-standard","has-post-thumbnail","hentry","category-non-classe"],"_links":{"self":[{"href":"https:\/\/elcafedepipa.com\/index.php\/wp-json\/wp\/v2\/posts\/24076","targetHints":{"allow":["GET"]}}],"collection":[{"href":"https:\/\/elcafedepipa.com\/index.php\/wp-json\/wp\/v2\/posts"}],"about":[{"href":"https:\/\/elcafedepipa.com\/index.php\/wp-json\/wp\/v2\/types\/post"}],"author":[{"embeddable":true,"href":"https:\/\/elcafedepipa.com\/index.php\/wp-json\/wp\/v2\/users\/2"}],"replies":[{"embeddable":true,"href":"https:\/\/elcafedepipa.com\/index.php\/wp-json\/wp\/v2\/comments?post=24076"}],"version-history":[{"count":1,"href":"https:\/\/elcafedepipa.com\/index.php\/wp-json\/wp\/v2\/posts\/24076\/revisions"}],"predecessor-version":[{"id":24078,"href":"https:\/\/elcafedepipa.com\/index.php\/wp-json\/wp\/v2\/posts\/24076\/revisions\/24078"}],"wp:featuredmedia":[{"embeddable":true,"href":"https:\/\/elcafedepipa.com\/index.php\/wp-json\/wp\/v2\/media\/24077"}],"wp:attachment":[{"href":"https:\/\/elcafedepipa.com\/index.php\/wp-json\/wp\/v2\/media?parent=24076"}],"wp:term":[{"taxonomy":"category","embeddable":true,"href":"https:\/\/elcafedepipa.com\/index.php\/wp-json\/wp\/v2\/categories?post=24076"},{"taxonomy":"post_tag","embeddable":true,"href":"https:\/\/elcafedepipa.com\/index.php\/wp-json\/wp\/v2\/tags?post=24076"}],"curies":[{"name":"wp","href":"https:\/\/api.w.org\/{rel}","templated":true}]}}