{"id":24052,"date":"2026-04-29T14:06:42","date_gmt":"2026-04-29T12:06:42","guid":{"rendered":"https:\/\/elcafedepipa.com\/?p=24052"},"modified":"2026-04-29T14:06:54","modified_gmt":"2026-04-29T12:06:54","slug":"la-democracia-sera-la-tematica-principal-de-la-proxima-conferencia-del-cicle-agora-nules","status":"publish","type":"post","link":"https:\/\/elcafedepipa.com\/index.php\/2026\/04\/29\/la-democracia-sera-la-tematica-principal-de-la-proxima-conferencia-del-cicle-agora-nules\/","title":{"rendered":"La democr\u00e0cia ser\u00e0 la tem\u00e0tica principal de la pr\u00f2xima confer\u00e8ncia del cicle \u00c0gora Nules"},"content":{"rendered":"\n<p>Manuela Carmena protagonitzar\u00e0 aquesta jornada<\/p>\n\n\n\n<p>\u201cCuidar la democracia\u201d, \u00e9s el t\u00edtol de la nova confer\u00e8ncia emmarcada al cicle \u00c0gora Nules que protagonitzar\u00e0 Manuela Carmena, ex jutge i ex alcaldessa de Madrid.<\/p>\n\n\n\n<p>De manera que, l\u2019alcalde de Nules, David Garc\u00eda, ha presentat hui aquesta nova confer\u00e8ncia que tindr\u00e0 lloc el pr\u00f2xim 12 de maig, a les 19.00 hores, al Local Multifuncional. De fet, Garc\u00eda ha assenyalat que \u201cen aquesta ocasi\u00f3 tenim el privilegi de comptar amb una figura de refer\u00e8ncia al nostre pa\u00eds, amb una traject\u00f2ria marcada pel seu comprom\u00eds amb la just\u00edcia, l\u2019\u00e8tica p\u00fablica i els valors democr\u00e0tics\u201d.<\/p>\n\n\n\n<p>La confer\u00e8ncia \u201cCuidar la democracia\u201d abordar\u00e0 una q\u00fcesti\u00f3 \u201cque considerem fonamental com \u00e9s la democr\u00e0cia, la qual requereix atenci\u00f3, responsabilitat i el comprom\u00eds de tots i de totes. I precisament per aix\u00f2, des de les institucions p\u00fabliques tenim tamb\u00e9 l\u2019obligaci\u00f3 de generar espais com aquest on reflexionar col\u00b7lectivament\u201d, ha comentat l\u2019alcalde de Nules.<\/p>\n\n\n\n<p>El Cicle de Confer\u00e8ncies \u00c0gora Nules \u00e9s un projecte impulsat des de l\u2019Ajuntament de Nules, en col\u00b7laboraci\u00f3 amb l\u2019Associaci\u00f3 Empresarial de Nules i la UNED Castell\u00f3-Vila-real, amb l\u2019objectiu d\u2019obrir Nules al pensament, al debat i a la participaci\u00f3 ciutadana, apropant al municipi veus rellevants del panorama nacional, i amb la intenci\u00f3 que Nules siga un municipi actiu, din\u00e0mic i comprom\u00e8s, no sols en el tema econ\u00f2mic o social, tamb\u00e9 en l\u2019\u00e0mbit cultural i c\u00edvic.<\/p>\n","protected":false},"excerpt":{"rendered":"<p>Manuela Carmena protagonitzar\u00e0 aquesta jornada \u201cCuidar la democracia\u201d, \u00e9s el t\u00edtol de la nova confer\u00e8ncia emmarcada al cicle \u00c0gora Nules que protagonitzar\u00e0 Manuela Carmena, ex jutge i ex alcaldessa de Madrid. De manera que, l\u2019alcalde de Nules, David Garc\u00eda, ha presentat hui aquesta nova confer\u00e8ncia que tindr\u00e0 lloc el pr\u00f2xim 12 de maig, a les &#8230; <a title=\"La democr\u00e0cia ser\u00e0 la tem\u00e0tica principal de la pr\u00f2xima confer\u00e8ncia del cicle \u00c0gora Nules\" class=\"read-more\" href=\"https:\/\/elcafedepipa.com\/index.php\/2026\/04\/29\/la-democracia-sera-la-tematica-principal-de-la-proxima-conferencia-del-cicle-agora-nules\/\" aria-label=\"M\u00e9s informaci\u00f3 sobre La democr\u00e0cia ser\u00e0 la tem\u00e0tica principal de la pr\u00f2xima confer\u00e8ncia del cicle \u00c0gora Nules\">Read more<\/a><\/p>\n","protected":false},"author":2,"featured_media":24053,"comment_status":"closed","ping_status":"closed","sticky":false,"template":"","format":"standard","meta":{"om_disable_all_campaigns":false,"_monsterinsights_skip_tracking":false,"_monsterinsights_sitenote_active":false,"_monsterinsights_sitenote_note":"","_monsterinsights_sitenote_category":0,"_uf_show_specific_survey":0,"_uf_disable_surveys":false,"footnotes":""},"categories":[3],"tags":[],"class_list":["post-24052","post","type-post","status-publish","format-standard","has-post-thumbnail","hentry","category-nules"],"_links":{"self":[{"href":"https:\/\/elcafedepipa.com\/index.php\/wp-json\/wp\/v2\/posts\/24052","targetHints":{"allow":["GET"]}}],"collection":[{"href":"https:\/\/elcafedepipa.com\/index.php\/wp-json\/wp\/v2\/posts"}],"about":[{"href":"https:\/\/elcafedepipa.com\/index.php\/wp-json\/wp\/v2\/types\/post"}],"author":[{"embeddable":true,"href":"https:\/\/elcafedepipa.com\/index.php\/wp-json\/wp\/v2\/users\/2"}],"replies":[{"embeddable":true,"href":"https:\/\/elcafedepipa.com\/index.php\/wp-json\/wp\/v2\/comments?post=24052"}],"version-history":[{"count":1,"href":"https:\/\/elcafedepipa.com\/index.php\/wp-json\/wp\/v2\/posts\/24052\/revisions"}],"predecessor-version":[{"id":24054,"href":"https:\/\/elcafedepipa.com\/index.php\/wp-json\/wp\/v2\/posts\/24052\/revisions\/24054"}],"wp:featuredmedia":[{"embeddable":true,"href":"https:\/\/elcafedepipa.com\/index.php\/wp-json\/wp\/v2\/media\/24053"}],"wp:attachment":[{"href":"https:\/\/elcafedepipa.com\/index.php\/wp-json\/wp\/v2\/media?parent=24052"}],"wp:term":[{"taxonomy":"category","embeddable":true,"href":"https:\/\/elcafedepipa.com\/index.php\/wp-json\/wp\/v2\/categories?post=24052"},{"taxonomy":"post_tag","embeddable":true,"href":"https:\/\/elcafedepipa.com\/index.php\/wp-json\/wp\/v2\/tags?post=24052"}],"curies":[{"name":"wp","href":"https:\/\/api.w.org\/{rel}","templated":true}]}}