{"id":24049,"date":"2026-04-29T13:33:56","date_gmt":"2026-04-29T11:33:56","guid":{"rendered":"https:\/\/elcafedepipa.com\/?p=24049"},"modified":"2026-04-29T13:34:09","modified_gmt":"2026-04-29T11:34:09","slug":"lajuntament-de-la-vall-duixo-reivindica-la-convivencia-entre-cultures-amb-una-nova-edicio-de-mostram","status":"publish","type":"post","link":"https:\/\/elcafedepipa.com\/index.php\/2026\/04\/29\/lajuntament-de-la-vall-duixo-reivindica-la-convivencia-entre-cultures-amb-una-nova-edicio-de-mostram\/","title":{"rendered":"L\u2019Ajuntament de la\u00a0Vall d\u2019Uix\u00f3 reivindica la conviv\u00e8ncia entre cultures amb una nova edici\u00f3 de Mostra\u2019m"},"content":{"rendered":"\n<p><em><strong>La tercera edici\u00f3 de la mostra intercultural se celebrar\u00e0 del 16 al 24 de maig amb activitats per a visibilitzar la diversitat, trencar estereotips i enfortir la cohesi\u00f3 social<\/strong><\/em><\/p>\n\n\n\n<p>L\u2019Ajuntament de la Vall d\u2019Uix\u00f3 ha presentat la tercera edici\u00f3 de&nbsp;<strong>Mostra\u2019m<\/strong>, la mostra intercultural del municipi, que se celebrar\u00e0 del&nbsp;<strong>16 al 24 de maig<\/strong>&nbsp;amb una completa programaci\u00f3 d\u2019activitats orientades a posar en valor la diversitat cultural, la conviv\u00e8ncia i la riquesa social que aporten les diferents comunitats presents a la ciutat.<\/p>\n\n\n\n<p>Esta iniciativa va n\u00e0ixer amb l\u2019objectiu de treballar el concepte d\u2019interculturalitat, lligat a la conviv\u00e8ncia ciutadana entre persones de diferents or\u00edgens i cultures, i se celebra entorn del&nbsp;<strong>Dia Mundial de la Diversitat Cultural<\/strong>, que es commemora el 21 de maig.<\/p>\n\n\n\n<p>El regidor de Serveis Socials, Jorge Marqu\u00e9s, ha destacat que Mostra\u2019m \u00e9s \u201cun espai per a recon\u00e9ixer que totes les cultures poden viure i conviure en un mateix poble\u201d. En este sentit, ha remarcat que \u201csom una ciutat acollidora, sempre ho hem sigut, i hui m\u00e9s que mai cal demostrar-ho\u201d. Aix\u00ed, ha agra\u00eft la implicaci\u00f3 de totes les associacions i entitats participants, especialment d\u2019aquelles que agrupen persones d\u2019altres or\u00edgens i que \u201chan fet seu este programa i el fan cr\u00e9ixer any rere any\u201d.<\/p>\n\n\n\n<p>La programaci\u00f3 arrancar\u00e0 el&nbsp;<strong>dissabte 16 de maig<\/strong>, de 10.30 a 13.30 hores, amb la desfilada i mostra de folklore internacional, una de les activitats m\u00e9s emblem\u00e0tiques i que enguany es potencia. La cercavila eixir\u00e0 des de la pla\u00e7a del Centre i finalitzar\u00e0 a la pla\u00e7a del Parc, on es realitzaran actuacions musicals i culturals de diferents pa\u00efsos i col\u00b7lectius.<\/p>\n\n\n\n<p>Durant la resta de la setmana s\u2019han organitzat nombroses activitats com cinef\u00f2rum, tert\u00falia de dones, fira d\u2019ONG, taller de cuina intercultural, mural participatiu per la interculturalitat, teatre familiar, exposici\u00f3 col\u00b7lectiva i una competici\u00f3 intercultural de futbol, entre altres propostes obertes a tota la ciutadania.<\/p>\n\n\n\n<p>El regidor ha assenyalat que \u201cestem construint una ciutat per a totes i tots, on cabem totes i tots\u201d, i ha explicat que este programa pret\u00e9n \u201cllevar etiquetes i estereotips, i rellan\u00e7ar els valors de l\u2019estima, el respecte i la conviv\u00e8ncia\u201d.<\/p>\n","protected":false},"excerpt":{"rendered":"<p>La tercera edici\u00f3 de la mostra intercultural se celebrar\u00e0 del 16 al 24 de maig amb activitats per a visibilitzar la diversitat, trencar estereotips i enfortir la cohesi\u00f3 social L\u2019Ajuntament de la Vall d\u2019Uix\u00f3 ha presentat la tercera edici\u00f3 de&nbsp;Mostra\u2019m, la mostra intercultural del municipi, que se celebrar\u00e0 del&nbsp;16 al 24 de maig&nbsp;amb una completa &#8230; <a title=\"L\u2019Ajuntament de la\u00a0Vall d\u2019Uix\u00f3 reivindica la conviv\u00e8ncia entre cultures amb una nova edici\u00f3 de Mostra\u2019m\" class=\"read-more\" href=\"https:\/\/elcafedepipa.com\/index.php\/2026\/04\/29\/lajuntament-de-la-vall-duixo-reivindica-la-convivencia-entre-cultures-amb-una-nova-edicio-de-mostram\/\" aria-label=\"M\u00e9s informaci\u00f3 sobre L\u2019Ajuntament de la\u00a0Vall d\u2019Uix\u00f3 reivindica la conviv\u00e8ncia entre cultures amb una nova edici\u00f3 de Mostra\u2019m\">Read more<\/a><\/p>\n","protected":false},"author":2,"featured_media":24050,"comment_status":"closed","ping_status":"closed","sticky":false,"template":"","format":"standard","meta":{"om_disable_all_campaigns":false,"_monsterinsights_skip_tracking":false,"_monsterinsights_sitenote_active":false,"_monsterinsights_sitenote_note":"","_monsterinsights_sitenote_category":0,"_uf_show_specific_survey":0,"_uf_disable_surveys":false,"footnotes":""},"categories":[2],"tags":[],"class_list":["post-24049","post","type-post","status-publish","format-standard","has-post-thumbnail","hentry","category-lavallduixo"],"_links":{"self":[{"href":"https:\/\/elcafedepipa.com\/index.php\/wp-json\/wp\/v2\/posts\/24049","targetHints":{"allow":["GET"]}}],"collection":[{"href":"https:\/\/elcafedepipa.com\/index.php\/wp-json\/wp\/v2\/posts"}],"about":[{"href":"https:\/\/elcafedepipa.com\/index.php\/wp-json\/wp\/v2\/types\/post"}],"author":[{"embeddable":true,"href":"https:\/\/elcafedepipa.com\/index.php\/wp-json\/wp\/v2\/users\/2"}],"replies":[{"embeddable":true,"href":"https:\/\/elcafedepipa.com\/index.php\/wp-json\/wp\/v2\/comments?post=24049"}],"version-history":[{"count":1,"href":"https:\/\/elcafedepipa.com\/index.php\/wp-json\/wp\/v2\/posts\/24049\/revisions"}],"predecessor-version":[{"id":24051,"href":"https:\/\/elcafedepipa.com\/index.php\/wp-json\/wp\/v2\/posts\/24049\/revisions\/24051"}],"wp:featuredmedia":[{"embeddable":true,"href":"https:\/\/elcafedepipa.com\/index.php\/wp-json\/wp\/v2\/media\/24050"}],"wp:attachment":[{"href":"https:\/\/elcafedepipa.com\/index.php\/wp-json\/wp\/v2\/media?parent=24049"}],"wp:term":[{"taxonomy":"category","embeddable":true,"href":"https:\/\/elcafedepipa.com\/index.php\/wp-json\/wp\/v2\/categories?post=24049"},{"taxonomy":"post_tag","embeddable":true,"href":"https:\/\/elcafedepipa.com\/index.php\/wp-json\/wp\/v2\/tags?post=24049"}],"curies":[{"name":"wp","href":"https:\/\/api.w.org\/{rel}","templated":true}]}}