{"id":24045,"date":"2026-04-29T10:33:09","date_gmt":"2026-04-29T08:33:09","guid":{"rendered":"https:\/\/elcafedepipa.com\/?p=24045"},"modified":"2026-04-29T10:33:26","modified_gmt":"2026-04-29T08:33:26","slug":"la-unio-reclama-ampliar-el-pressupost-per-a-evitar-que-41-joves-queden-fora-de-les-ajudes-a-la-primera-incorporacio-agraria","status":"publish","type":"post","link":"https:\/\/elcafedepipa.com\/index.php\/2026\/04\/29\/la-unio-reclama-ampliar-el-pressupost-per-a-evitar-que-41-joves-queden-fora-de-les-ajudes-a-la-primera-incorporacio-agraria\/","title":{"rendered":"LA UNI\u00d3 reclama ampliar el pressupost per a evitar que 41 joves queden fora de les ajudes a la primera incorporaci\u00f3 agr\u00e0ria"},"content":{"rendered":"\n<p>&nbsp;La Uni\u00f3 Llauradora i Ramadera insta la Conselleria d&#8217;Agricultura a ampliar la dotaci\u00f3 pressupost\u00e0ria de les ajudes a la instal\u00b7laci\u00f3 de joves llauradors i ramaders despr\u00e9s de la resoluci\u00f3 signada dissabte passat 25 d&#8217;abril. L&#8217;organitzaci\u00f3 denuncia que 41 sol\u00b7licituds han sigut desestimades -tal com consta en la resoluci\u00f3- exclusivament per falta de cr\u00e8dit, malgrat haver superat l&#8217;avaluaci\u00f3 i complir tots els requisits establits.<\/p>\n\n\n\n<p>Segons les dades publicades, l&#8217;import necessari per a atendre aquests expedients ascendeix a 1,85 milions d&#8217;euros, una quantitat que, segons el parer de LA UNI\u00d3, resulta assumible dins del conjunt del programa. L&#8217;exclusi\u00f3 s&#8217;ha produ\u00eft en aplicaci\u00f3 de l&#8217;article 14.8 de l&#8217;Ordre 9\/2025, que permet denegar ajudes per insufici\u00e8ncia pressupost\u00e0ria.<\/p>\n\n\n\n<p>Des de La Uni\u00f3 Llauradora es recorda que aquesta l\u00ednia de suport s&#8217;integra en el Pla Estrat\u00e8gic de la PAC (PEPAC) 2023-2027, on la incorporaci\u00f3 de joves figura com una intervenci\u00f3 priorit\u00e0ria per a garantir la sostenibilitat i el relleu generacional en el sector agrari. En aquest sentit, subratllen que tant la normativa com el propi disseny del PEPAC contemplen mecanismes de flexibilitat que permeten adaptar les dotacions econ\u00f2miques a la demanda real.<\/p>\n\n\n\n<p>L&#8217;organitzaci\u00f3 considera \u201cdif\u00edcilment justificable\u201d la situaci\u00f3 generada, especialment en un context de d\u00e8ficit estructural de joves llauradors i ramaders en la Comunitat Valenciana. Al seu judici, deixar fora a sol\u00b7licitants que compleixen els requisits per una quantia \u201crelativament redu\u00efda\u201d compromet l&#8217;efic\u00e0cia de la pol\u00edtica agr\u00e0ria i llan\u00e7a un missatge desincentivador per a futurs professionals del camp.<\/p>\n\n\n\n<p>Aix\u00ed mateix, adverteixen que l&#8217;impacte d&#8217;aquesta decisi\u00f3 transcendeix els expedients afectats, en incidir directament en la viabilitat del teixit productiu, la dinamitzaci\u00f3 del medi rural i la capacitat del sector per a afrontar els seus reptes estructurals.<\/p>\n\n\n\n<p>Per tot aix\u00f2, LA UNI\u00d3 sol\u00b7licita a l&#8217;administraci\u00f3 auton\u00f2mica que habilite una ampliaci\u00f3 pressupost\u00e0ria que permeta atendre totes les sol\u00b7licituds que compleixen els criteris, mitjan\u00e7ant la reassignaci\u00f3 de fons d&#8217;altres intervencions del PEPAC amb menor grau d&#8217;execuci\u00f3 o, si \u00e9s el cas, amb aportacions addicionals procedents de fons propis.<\/p>\n\n\n\n<p>La Uni\u00f3 Llauradora tamb\u00e9 reclama que, en futures convocat\u00f2ries, es garantisca que cap jove quede excl\u00f2s per motius estrictament econ\u00f2mics en una l\u00ednia considerada estrat\u00e8gica per al futur del camp valenci\u00e0.<\/p>\n\n\n\n<p>L&#8217;organitzaci\u00f3 agr\u00e0ria mostra tamb\u00e9 la seua disposici\u00f3 a col\u00b7laborar amb la Generalitat en la cerca de solucions t\u00e8cniques que permeten resoldre aquesta situaci\u00f3 de manera efica\u00e7 i coherent amb els objectius de la pol\u00edtica agr\u00e0ria valenciana.<\/p>\n\n\n\n<p>Cal assenyalar que abans de la recent resoluci\u00f3 d&#8217;abril de 2026, la Comunitat Valenciana va estar 4 anys sense convocar les ajudes de primera instal\u00b7laci\u00f3 per a joves llauradors dins del Pla de Desenvolupament Rural (PDR) anterior, sent l&#8217;\u00faltima convocat\u00f2ria en 2021.<\/p>\n","protected":false},"excerpt":{"rendered":"<p>&nbsp;La Uni\u00f3 Llauradora i Ramadera insta la Conselleria d&#8217;Agricultura a ampliar la dotaci\u00f3 pressupost\u00e0ria de les ajudes a la instal\u00b7laci\u00f3 de joves llauradors i ramaders despr\u00e9s de la resoluci\u00f3 signada dissabte passat 25 d&#8217;abril. L&#8217;organitzaci\u00f3 denuncia que 41 sol\u00b7licituds han sigut desestimades -tal com consta en la resoluci\u00f3- exclusivament per falta de cr\u00e8dit, malgrat haver &#8230; <a title=\"LA UNI\u00d3 reclama ampliar el pressupost per a evitar que 41 joves queden fora de les ajudes a la primera incorporaci\u00f3 agr\u00e0ria\" class=\"read-more\" href=\"https:\/\/elcafedepipa.com\/index.php\/2026\/04\/29\/la-unio-reclama-ampliar-el-pressupost-per-a-evitar-que-41-joves-queden-fora-de-les-ajudes-a-la-primera-incorporacio-agraria\/\" aria-label=\"M\u00e9s informaci\u00f3 sobre LA UNI\u00d3 reclama ampliar el pressupost per a evitar que 41 joves queden fora de les ajudes a la primera incorporaci\u00f3 agr\u00e0ria\">Read more<\/a><\/p>\n","protected":false},"author":2,"featured_media":24046,"comment_status":"closed","ping_status":"closed","sticky":false,"template":"","format":"standard","meta":{"om_disable_all_campaigns":false,"_monsterinsights_skip_tracking":false,"_monsterinsights_sitenote_active":false,"_monsterinsights_sitenote_note":"","_monsterinsights_sitenote_category":0,"_uf_show_specific_survey":0,"_uf_disable_surveys":false,"footnotes":""},"categories":[10],"tags":[],"class_list":["post-24045","post","type-post","status-publish","format-standard","has-post-thumbnail","hentry","category-provinciadecastello"],"_links":{"self":[{"href":"https:\/\/elcafedepipa.com\/index.php\/wp-json\/wp\/v2\/posts\/24045","targetHints":{"allow":["GET"]}}],"collection":[{"href":"https:\/\/elcafedepipa.com\/index.php\/wp-json\/wp\/v2\/posts"}],"about":[{"href":"https:\/\/elcafedepipa.com\/index.php\/wp-json\/wp\/v2\/types\/post"}],"author":[{"embeddable":true,"href":"https:\/\/elcafedepipa.com\/index.php\/wp-json\/wp\/v2\/users\/2"}],"replies":[{"embeddable":true,"href":"https:\/\/elcafedepipa.com\/index.php\/wp-json\/wp\/v2\/comments?post=24045"}],"version-history":[{"count":1,"href":"https:\/\/elcafedepipa.com\/index.php\/wp-json\/wp\/v2\/posts\/24045\/revisions"}],"predecessor-version":[{"id":24047,"href":"https:\/\/elcafedepipa.com\/index.php\/wp-json\/wp\/v2\/posts\/24045\/revisions\/24047"}],"wp:featuredmedia":[{"embeddable":true,"href":"https:\/\/elcafedepipa.com\/index.php\/wp-json\/wp\/v2\/media\/24046"}],"wp:attachment":[{"href":"https:\/\/elcafedepipa.com\/index.php\/wp-json\/wp\/v2\/media?parent=24045"}],"wp:term":[{"taxonomy":"category","embeddable":true,"href":"https:\/\/elcafedepipa.com\/index.php\/wp-json\/wp\/v2\/categories?post=24045"},{"taxonomy":"post_tag","embeddable":true,"href":"https:\/\/elcafedepipa.com\/index.php\/wp-json\/wp\/v2\/tags?post=24045"}],"curies":[{"name":"wp","href":"https:\/\/api.w.org\/{rel}","templated":true}]}}