{"id":24042,"date":"2026-04-29T08:57:05","date_gmt":"2026-04-29T06:57:05","guid":{"rendered":"https:\/\/elcafedepipa.com\/?p=24042"},"modified":"2026-04-29T08:57:16","modified_gmt":"2026-04-29T06:57:16","slug":"el-pp-de-la-vall-reivindica-el-valor-del-cant-de-laurora-i-proposa-declarar-ho-be-dinteres-cultural","status":"publish","type":"post","link":"https:\/\/elcafedepipa.com\/index.php\/2026\/04\/29\/el-pp-de-la-vall-reivindica-el-valor-del-cant-de-laurora-i-proposa-declarar-ho-be-dinteres-cultural\/","title":{"rendered":"El PP de la Vall reivindica el valor del Cant de l\u2019Aurora i proposa declarar-ho B\u00e9 d&#8217;Inter\u00e9s Cultural"},"content":{"rendered":"\n<p>El Partit Popular de la Vall d&#8217;Uix\u00f3 defendr\u00e0 en el pr\u00f2xim ple una iniciativa que pret\u00e9n posar en valor el Cant de l\u2019Aurora amb la declaraci\u00f3 d&#8217;este cant religi\u00f3s com B\u00e9 d&#8217;Inter\u00e9s Cultural (BIC).<\/p>\n\n\n\n<p>La proposta, que hui ha presentat la regidora del PP a la Vall d&#8217;Uix\u00f3, Mar\u00eda Jos\u00e9 Aragon\u00e9s, es registra \u201camb la voluntat de sumar i defendre la nostra identitat i les nostres tradicions\u201d. \u201cEste cant \u00e9s un b\u00e9 immaterial que ens unix i que ens ompli d&#8217;orgull, que ha sigut heretat generaci\u00f3 rere generaci\u00f3 i volem que continue viu com el primer dia i per a aix\u00f2 s&#8217;ha de protegir\u201d.<\/p>\n\n\n\n<p>Amb l&#8217;objectiu d&#8217;aconseguir-lo, el PP de la Vall d&#8217;Uix\u00f3 proposa un acord que permeta que la Generalitat Valenciana inicie l&#8217;expedient per a declarar el Cant de l\u2019Aurora com a BIC. \u201cEste cant comen\u00e7a a recuperar-se fa quasi mig segle, en l&#8217;estiu de 1978. Des de llavors, la iniciativa d&#8217;un grup d&#8217;h\u00f2mens per restituir esta tradici\u00f3 ha fet possible que el nostre municipi recupere un valor identitari i hist\u00f2ric. I no volem perdre-ho, volem protegir-ho\u201d.<\/p>\n\n\n\n<p>En este sentit, \u201cesta moci\u00f3 \u00e9s de consens, busca el millor per al nostre municipi i per als nostres costums. I pret\u00e9n un suport un\u00e0nime perqu\u00e8 ens juguem valors propis que ens sumen i ens enorgullixen\u201d. Per este motiu, \u201ctendim la m\u00e0 a l&#8217;acord per a continuar defenent el valor d&#8217;este b\u00e9 immaterial que ens unix i ens definix com a municipi\u201d, ha concl\u00f2s Aragon\u00e9s.<\/p>\n","protected":false},"excerpt":{"rendered":"<p>El Partit Popular de la Vall d&#8217;Uix\u00f3 defendr\u00e0 en el pr\u00f2xim ple una iniciativa que pret\u00e9n posar en valor el Cant de l\u2019Aurora amb la declaraci\u00f3 d&#8217;este cant religi\u00f3s com B\u00e9 d&#8217;Inter\u00e9s Cultural (BIC). La proposta, que hui ha presentat la regidora del PP a la Vall d&#8217;Uix\u00f3, Mar\u00eda Jos\u00e9 Aragon\u00e9s, es registra \u201camb la &#8230; <a title=\"El PP de la Vall reivindica el valor del Cant de l\u2019Aurora i proposa declarar-ho B\u00e9 d&#8217;Inter\u00e9s Cultural\" class=\"read-more\" href=\"https:\/\/elcafedepipa.com\/index.php\/2026\/04\/29\/el-pp-de-la-vall-reivindica-el-valor-del-cant-de-laurora-i-proposa-declarar-ho-be-dinteres-cultural\/\" aria-label=\"M\u00e9s informaci\u00f3 sobre El PP de la Vall reivindica el valor del Cant de l\u2019Aurora i proposa declarar-ho B\u00e9 d&#8217;Inter\u00e9s Cultural\">Read more<\/a><\/p>\n","protected":false},"author":2,"featured_media":24043,"comment_status":"closed","ping_status":"closed","sticky":false,"template":"","format":"standard","meta":{"om_disable_all_campaigns":false,"_monsterinsights_skip_tracking":false,"_monsterinsights_sitenote_active":false,"_monsterinsights_sitenote_note":"","_monsterinsights_sitenote_category":0,"_uf_show_specific_survey":0,"_uf_disable_surveys":false,"footnotes":""},"categories":[1],"tags":[],"class_list":["post-24042","post","type-post","status-publish","format-standard","has-post-thumbnail","hentry","category-non-classe"],"_links":{"self":[{"href":"https:\/\/elcafedepipa.com\/index.php\/wp-json\/wp\/v2\/posts\/24042","targetHints":{"allow":["GET"]}}],"collection":[{"href":"https:\/\/elcafedepipa.com\/index.php\/wp-json\/wp\/v2\/posts"}],"about":[{"href":"https:\/\/elcafedepipa.com\/index.php\/wp-json\/wp\/v2\/types\/post"}],"author":[{"embeddable":true,"href":"https:\/\/elcafedepipa.com\/index.php\/wp-json\/wp\/v2\/users\/2"}],"replies":[{"embeddable":true,"href":"https:\/\/elcafedepipa.com\/index.php\/wp-json\/wp\/v2\/comments?post=24042"}],"version-history":[{"count":1,"href":"https:\/\/elcafedepipa.com\/index.php\/wp-json\/wp\/v2\/posts\/24042\/revisions"}],"predecessor-version":[{"id":24044,"href":"https:\/\/elcafedepipa.com\/index.php\/wp-json\/wp\/v2\/posts\/24042\/revisions\/24044"}],"wp:featuredmedia":[{"embeddable":true,"href":"https:\/\/elcafedepipa.com\/index.php\/wp-json\/wp\/v2\/media\/24043"}],"wp:attachment":[{"href":"https:\/\/elcafedepipa.com\/index.php\/wp-json\/wp\/v2\/media?parent=24042"}],"wp:term":[{"taxonomy":"category","embeddable":true,"href":"https:\/\/elcafedepipa.com\/index.php\/wp-json\/wp\/v2\/categories?post=24042"},{"taxonomy":"post_tag","embeddable":true,"href":"https:\/\/elcafedepipa.com\/index.php\/wp-json\/wp\/v2\/tags?post=24042"}],"curies":[{"name":"wp","href":"https:\/\/api.w.org\/{rel}","templated":true}]}}