{"id":24039,"date":"2026-04-29T08:55:32","date_gmt":"2026-04-29T06:55:32","guid":{"rendered":"https:\/\/elcafedepipa.com\/?p=24039"},"modified":"2026-04-29T08:55:44","modified_gmt":"2026-04-29T06:55:44","slug":"wences-alos-valls-apella-a-la-unitat-institucional-en-la-cimera-dalcaldes-per-a-agilitzar-la-proteccio-de-la-costa-de-moncofa","status":"publish","type":"post","link":"https:\/\/elcafedepipa.com\/index.php\/2026\/04\/29\/wences-alos-valls-apella-a-la-unitat-institucional-en-la-cimera-dalcaldes-per-a-agilitzar-la-proteccio-de-la-costa-de-moncofa\/","title":{"rendered":"Wences Al\u00f3s Valls apel\u00b7la a la unitat institucional en la Cimera d\u2019Alcaldes per a agilitzar la protecci\u00f3 de la costa de Moncofa"},"content":{"rendered":"\n<p>L&#8217;alcalde de Moncofa, Wences Al\u00f3s Valls, va intervindre ahir en la Cimera d&#8217;Alcaldes celebrada en la Diputaci\u00f3 de Castell\u00f3. En este f\u00f2rum de di\u00e0leg provincial, el primer edil ha posat el focus en la necessitat de reactivar amb major dinamisme els projectes de protecci\u00f3 del litoral, fonamentals per al futur i la sostenibilitat del municipi.<\/p>\n\n\n\n<p>Unitat davant de la regressi\u00f3 costanera<\/p>\n\n\n\n<p>Durant la seua intervenci\u00f3, Al\u00f3s Valls ha agra\u00eft la sensibilitat de la instituci\u00f3 provincial en actuar com a veu comuna de tots els pobles de la costa. L&#8217;alcalde ha ressaltat que la defensa de les platges de Castell\u00f3 \u00e9s un objectiu compartit que ha de transcendir colors pol\u00edtics.<\/p>\n\n\n\n<p>\u201cLa Diputaci\u00f3 ha aconseguit aglutinar les demandes de totes les poblacions costaneres. \u00c9s vital que continuem mantenint eixa interlocuci\u00f3 directa amb el Govern central perqu\u00e8 les obres de defensa no es demoren m\u00e9s en el temps\u201d, ha assenyalat l&#8217;alcalde durant la cimera. Impuls als projectes pendents<\/p>\n\n\n\n<p>L&#8217;alcalde ha sol\u00b7licitat que es done prioritat a l&#8217;execuci\u00f3 de l&#8217;Estrat\u00e8gia de Defensa del Litoral aprovada en 2015. En particular, ha fet refer\u00e8ncia al projecte del Grau de Moncofa, instant perqu\u00e8 els tr\u00e0mits administratius s&#8217;agilitzen a fi que els ve\u00efns puguen veure avan\u00e7os concrets en la protecci\u00f3 de la seua costa.<\/p>\n\n\n\n<p>En un to conciliador, Al\u00f3s ha apuntat que l&#8217;objectiu no \u00e9s nom\u00e9s<\/p>\n\n\n\n<p>administratiu, sin\u00f3 de seguretat i protecci\u00f3 del patrimoni de las ciutadania. Hi ha advocat per un model en qu\u00e8 la gesti\u00f3 de la costa prioritze sempre la creaci\u00f3 d&#8217;infraestructures de defensa (com espigons) davant d&#8217;altres mesures de car\u00e0cter purament burocr\u00e0tic.<\/p>\n\n\n\n<p>Comprom\u00eds provincial<\/p>\n\n\n\n<p>La participaci\u00f3 de Moncofa en la Cimera d&#8217;Alcaldes refor\u00e7a l&#8217;estrat\u00e8gia de l&#8217;Ajuntament de buscar solucions mitjan\u00e7ant el di\u00e0leg i la cooperaci\u00f3 entre administracions. La presidenta de la Diputaci\u00f3, despr\u00e9s d&#8217;escoltar l&#8217;exposici\u00f3 d&#8217;Al\u00f3s Valls, ha reafirmat el seu comprom\u00eds de treballar conjuntament amb els municipis del litoral per a realitzar un seguiment detallat dels projectes i sol\u00b7licitar al Ministeri una major agilitat en les inversions previstes per a la prov\u00edncia.<\/p>\n","protected":false},"excerpt":{"rendered":"<p>L&#8217;alcalde de Moncofa, Wences Al\u00f3s Valls, va intervindre ahir en la Cimera d&#8217;Alcaldes celebrada en la Diputaci\u00f3 de Castell\u00f3. En este f\u00f2rum de di\u00e0leg provincial, el primer edil ha posat el focus en la necessitat de reactivar amb major dinamisme els projectes de protecci\u00f3 del litoral, fonamentals per al futur i la sostenibilitat del municipi. &#8230; <a title=\"Wences Al\u00f3s Valls apel\u00b7la a la unitat institucional en la Cimera d\u2019Alcaldes per a agilitzar la protecci\u00f3 de la costa de Moncofa\" class=\"read-more\" href=\"https:\/\/elcafedepipa.com\/index.php\/2026\/04\/29\/wences-alos-valls-apella-a-la-unitat-institucional-en-la-cimera-dalcaldes-per-a-agilitzar-la-proteccio-de-la-costa-de-moncofa\/\" aria-label=\"M\u00e9s informaci\u00f3 sobre Wences Al\u00f3s Valls apel\u00b7la a la unitat institucional en la Cimera d\u2019Alcaldes per a agilitzar la protecci\u00f3 de la costa de Moncofa\">Read more<\/a><\/p>\n","protected":false},"author":2,"featured_media":24040,"comment_status":"closed","ping_status":"closed","sticky":false,"template":"","format":"standard","meta":{"om_disable_all_campaigns":false,"_monsterinsights_skip_tracking":false,"_monsterinsights_sitenote_active":false,"_monsterinsights_sitenote_note":"","_monsterinsights_sitenote_category":0,"_uf_show_specific_survey":0,"_uf_disable_surveys":false,"footnotes":""},"categories":[4],"tags":[],"class_list":["post-24039","post","type-post","status-publish","format-standard","has-post-thumbnail","hentry","category-moncofa"],"_links":{"self":[{"href":"https:\/\/elcafedepipa.com\/index.php\/wp-json\/wp\/v2\/posts\/24039","targetHints":{"allow":["GET"]}}],"collection":[{"href":"https:\/\/elcafedepipa.com\/index.php\/wp-json\/wp\/v2\/posts"}],"about":[{"href":"https:\/\/elcafedepipa.com\/index.php\/wp-json\/wp\/v2\/types\/post"}],"author":[{"embeddable":true,"href":"https:\/\/elcafedepipa.com\/index.php\/wp-json\/wp\/v2\/users\/2"}],"replies":[{"embeddable":true,"href":"https:\/\/elcafedepipa.com\/index.php\/wp-json\/wp\/v2\/comments?post=24039"}],"version-history":[{"count":1,"href":"https:\/\/elcafedepipa.com\/index.php\/wp-json\/wp\/v2\/posts\/24039\/revisions"}],"predecessor-version":[{"id":24041,"href":"https:\/\/elcafedepipa.com\/index.php\/wp-json\/wp\/v2\/posts\/24039\/revisions\/24041"}],"wp:featuredmedia":[{"embeddable":true,"href":"https:\/\/elcafedepipa.com\/index.php\/wp-json\/wp\/v2\/media\/24040"}],"wp:attachment":[{"href":"https:\/\/elcafedepipa.com\/index.php\/wp-json\/wp\/v2\/media?parent=24039"}],"wp:term":[{"taxonomy":"category","embeddable":true,"href":"https:\/\/elcafedepipa.com\/index.php\/wp-json\/wp\/v2\/categories?post=24039"},{"taxonomy":"post_tag","embeddable":true,"href":"https:\/\/elcafedepipa.com\/index.php\/wp-json\/wp\/v2\/tags?post=24039"}],"curies":[{"name":"wp","href":"https:\/\/api.w.org\/{rel}","templated":true}]}}