{"id":24013,"date":"2026-04-28T13:43:31","date_gmt":"2026-04-28T11:43:31","guid":{"rendered":"https:\/\/elcafedepipa.com\/?p=24013"},"modified":"2026-04-28T13:43:42","modified_gmt":"2026-04-28T11:43:42","slug":"el-pp-defen-la-bonificacio-de-libi-als-comercos-que-creen-ocupacio-per-a-fomentar-el-desenvolupament","status":"publish","type":"post","link":"https:\/\/elcafedepipa.com\/index.php\/2026\/04\/28\/el-pp-defen-la-bonificacio-de-libi-als-comercos-que-creen-ocupacio-per-a-fomentar-el-desenvolupament\/","title":{"rendered":"El PP def\u00e9n la bonificaci\u00f3 de l&#8217;IBI als comer\u00e7os que creen ocupaci\u00f3 per a fomentar el desenvolupament"},"content":{"rendered":"\n<p>El Partit Popular de Nules ha tornat a defendre la bonificaci\u00f3 de l&#8217;Impost de B\u00e9ns immobles als comer\u00e7os, negocis i empreses que s&#8217;assenten en la localitat \u201cperqu\u00e8 el seu esfor\u00e7 es tradu\u00efx en llocs de treball i eixa \u00e9s una bona not\u00edcia per a la nostra localitat\u201d.<\/p>\n\n\n\n<p>Fomentar este creixement amb avantatges fiscals com la rebaixa de l&#8217;IBI fins a un 95%, tal com planteja el PP, \u201cseria benvingut per estos aut\u00f2noms i empresaris que arrisquen el seu patrimoni per a generar riquesa i amb aix\u00f2 no sols donen servici, generen llocs de treball\u201d.<\/p>\n\n\n\n<p>A Nules, ha explicat Vicente Bertomeu, regidor del PP en el municipi, \u201chi ha verdaders valents que l&#8217;han aconseguit\u201d. \u201cI este esfor\u00e7 seria bo posar-lo en valor i refor\u00e7ar-lo amb esta mena de mesures econ\u00f2miques que suposen un alleujament als qui posen en joc el seu patrimoni per a crear ocupaci\u00f3 i prestar servici\u201d.<\/p>\n\n\n\n<p>En este sentit, en el PP \u201ccontinuarem defenent estes mesures i tamb\u00e9 treballant per a fer possible que les oportunitats continuen creixent perqu\u00e8 si li va b\u00e9 al nostre teixit comercial i empresarial, li anir\u00e0 b\u00e9 al nostre poble\u201d. Votar en contra d&#8217;esta mesura, com ha fet l&#8217;alcalde i els seus socis, \u201cnom\u00e9s demostra<\/p>\n\n\n\n<p>que en lloc de treballar per Nules es gestiona a la contra. I volem que estes pol\u00edtiques canvien perqu\u00e8 hi ha alternativa al populisme i en el PP tenim clar que els aut\u00f2noms i les empreses s\u00f3n un valor que hem de continuar fomentant, no castigant\u201d.<\/p>\n","protected":false},"excerpt":{"rendered":"<p>El Partit Popular de Nules ha tornat a defendre la bonificaci\u00f3 de l&#8217;Impost de B\u00e9ns immobles als comer\u00e7os, negocis i empreses que s&#8217;assenten en la localitat \u201cperqu\u00e8 el seu esfor\u00e7 es tradu\u00efx en llocs de treball i eixa \u00e9s una bona not\u00edcia per a la nostra localitat\u201d. Fomentar este creixement amb avantatges fiscals com la &#8230; <a title=\"El PP def\u00e9n la bonificaci\u00f3 de l&#8217;IBI als comer\u00e7os que creen ocupaci\u00f3 per a fomentar el desenvolupament\" class=\"read-more\" href=\"https:\/\/elcafedepipa.com\/index.php\/2026\/04\/28\/el-pp-defen-la-bonificacio-de-libi-als-comercos-que-creen-ocupacio-per-a-fomentar-el-desenvolupament\/\" aria-label=\"M\u00e9s informaci\u00f3 sobre El PP def\u00e9n la bonificaci\u00f3 de l&#8217;IBI als comer\u00e7os que creen ocupaci\u00f3 per a fomentar el desenvolupament\">Read more<\/a><\/p>\n","protected":false},"author":2,"featured_media":24015,"comment_status":"closed","ping_status":"closed","sticky":false,"template":"","format":"standard","meta":{"om_disable_all_campaigns":false,"_monsterinsights_skip_tracking":false,"_monsterinsights_sitenote_active":false,"_monsterinsights_sitenote_note":"","_monsterinsights_sitenote_category":0,"_uf_show_specific_survey":0,"_uf_disable_surveys":false,"footnotes":""},"categories":[3],"tags":[],"class_list":["post-24013","post","type-post","status-publish","format-standard","has-post-thumbnail","hentry","category-nules"],"_links":{"self":[{"href":"https:\/\/elcafedepipa.com\/index.php\/wp-json\/wp\/v2\/posts\/24013","targetHints":{"allow":["GET"]}}],"collection":[{"href":"https:\/\/elcafedepipa.com\/index.php\/wp-json\/wp\/v2\/posts"}],"about":[{"href":"https:\/\/elcafedepipa.com\/index.php\/wp-json\/wp\/v2\/types\/post"}],"author":[{"embeddable":true,"href":"https:\/\/elcafedepipa.com\/index.php\/wp-json\/wp\/v2\/users\/2"}],"replies":[{"embeddable":true,"href":"https:\/\/elcafedepipa.com\/index.php\/wp-json\/wp\/v2\/comments?post=24013"}],"version-history":[{"count":1,"href":"https:\/\/elcafedepipa.com\/index.php\/wp-json\/wp\/v2\/posts\/24013\/revisions"}],"predecessor-version":[{"id":24016,"href":"https:\/\/elcafedepipa.com\/index.php\/wp-json\/wp\/v2\/posts\/24013\/revisions\/24016"}],"wp:featuredmedia":[{"embeddable":true,"href":"https:\/\/elcafedepipa.com\/index.php\/wp-json\/wp\/v2\/media\/24015"}],"wp:attachment":[{"href":"https:\/\/elcafedepipa.com\/index.php\/wp-json\/wp\/v2\/media?parent=24013"}],"wp:term":[{"taxonomy":"category","embeddable":true,"href":"https:\/\/elcafedepipa.com\/index.php\/wp-json\/wp\/v2\/categories?post=24013"},{"taxonomy":"post_tag","embeddable":true,"href":"https:\/\/elcafedepipa.com\/index.php\/wp-json\/wp\/v2\/tags?post=24013"}],"curies":[{"name":"wp","href":"https:\/\/api.w.org\/{rel}","templated":true}]}}