{"id":24012,"date":"2026-04-28T14:40:04","date_gmt":"2026-04-28T12:40:04","guid":{"rendered":"https:\/\/elcafedepipa.com\/?p=24012"},"modified":"2026-04-28T14:40:16","modified_gmt":"2026-04-28T12:40:16","slug":"el-paratge-de-sant-josep-acull-el-2-i-3-de-maig-una-nova-edicio-del-festival-dancing-in-the-cave","status":"publish","type":"post","link":"https:\/\/elcafedepipa.com\/index.php\/2026\/04\/28\/el-paratge-de-sant-josep-acull-el-2-i-3-de-maig-una-nova-edicio-del-festival-dancing-in-the-cave\/","title":{"rendered":"El Paratge de Sant Josep acull el 2 i 3 de maig una nova edici\u00f3 del festival Dancing in the Cave"},"content":{"rendered":"\n<p><strong>La Vall d\u2019Uix\u00f3 dona inici a la temporada d\u2019estiu amb un dels festivals de swing de refer\u00e8ncia nacional i internacional<\/strong><br><br><\/p>\n\n\n\n<p>El Paratge de Sant Josep ser\u00e0 l\u2019escenari el 2 i 3 de maig de la quarta edici\u00f3 de Dancing in the Cave, un festival consolidat com una de les cites de swing de refer\u00e8ncia tant a nivell nacional com internacional. L\u2019esdeveniment reunir\u00e0 enguany ballarins i ballarines arribats de tota Espanya, aix\u00ed com de Fran\u00e7a, Portugal, Su\u00efssa i Su\u00e8cia, convertint la Vall d\u2019Uix\u00f3 en punt de trobada per a amants de la m\u00fasica i el ball swing durant tot el cap de setmana.<\/p>\n\n\n\n<p><br>La presentaci\u00f3 ha estat a c\u00e0rrec del conseller delegat d\u2019Emsevall, Javier Ferreres, junt amb Fran Guti\u00e9rrez i Valeria Yegupova, organitzadors del festival. Tots han coincidit a destacar \u201cel bon ambient\u201d que es viu en cada edici\u00f3 i han animat la ciutadania a acostar-se al paratge per a gaudir d\u2019un espectacle \u201cmolt vist\u00f3s, divertit i obert a tots els p\u00fablics\u201d.<\/p>\n\n\n\n<p><br>Esta edici\u00f3 comptar\u00e0 amb dos concerts gratu\u00efts oberts al p\u00fablic en general. El dissabte 2 de maig a les 19.30 hores actuar\u00e0 la Big Band Savoy Stompers, mentre que el diumenge 3 de maig a les 12.00 hores ser\u00e0 el torn de la Sedajazz Jove Big Band. Abans de cada concert es realitzar\u00e0 un passacarrer musical des de les barques de l\u2019acc\u00e9s fins a la pista de ball.<\/p>\n\n\n\n<p><br>Els organitzadors tamb\u00e9 han ressaltat que el festival \u00e9s \u201cla gran festa del m\u00fasic de jazz valenci\u00e0\u201d, ja que durant el cap de setmana m\u00e9s de 50 m\u00fasics de jazz passaran per l\u2019escenari. Ferreres ha subratllat que \u201c\u00e9s una gran oportunitat per continuar posicionant Sant Josep com un espai de refer\u00e8ncia per a esdeveniments singulars i de qualitat\u201d, i ha remarcat que Dancing in the Cave \u201c\u00e9s el primer gran acte de la temporada d\u2019estiu al paratge\u201d.<\/p>\n","protected":false},"excerpt":{"rendered":"<p>La Vall d\u2019Uix\u00f3 dona inici a la temporada d\u2019estiu amb un dels festivals de swing de refer\u00e8ncia nacional i internacional El Paratge de Sant Josep ser\u00e0 l\u2019escenari el 2 i 3 de maig de la quarta edici\u00f3 de Dancing in the Cave, un festival consolidat com una de les cites de swing de refer\u00e8ncia tant &#8230; <a title=\"El Paratge de Sant Josep acull el 2 i 3 de maig una nova edici\u00f3 del festival Dancing in the Cave\" class=\"read-more\" href=\"https:\/\/elcafedepipa.com\/index.php\/2026\/04\/28\/el-paratge-de-sant-josep-acull-el-2-i-3-de-maig-una-nova-edicio-del-festival-dancing-in-the-cave\/\" aria-label=\"M\u00e9s informaci\u00f3 sobre El Paratge de Sant Josep acull el 2 i 3 de maig una nova edici\u00f3 del festival Dancing in the Cave\">Read more<\/a><\/p>\n","protected":false},"author":2,"featured_media":24017,"comment_status":"closed","ping_status":"closed","sticky":false,"template":"","format":"standard","meta":{"om_disable_all_campaigns":false,"_monsterinsights_skip_tracking":false,"_monsterinsights_sitenote_active":false,"_monsterinsights_sitenote_note":"","_monsterinsights_sitenote_category":0,"_uf_show_specific_survey":0,"_uf_disable_surveys":false,"footnotes":""},"categories":[2],"tags":[],"class_list":["post-24012","post","type-post","status-publish","format-standard","has-post-thumbnail","hentry","category-lavallduixo"],"_links":{"self":[{"href":"https:\/\/elcafedepipa.com\/index.php\/wp-json\/wp\/v2\/posts\/24012","targetHints":{"allow":["GET"]}}],"collection":[{"href":"https:\/\/elcafedepipa.com\/index.php\/wp-json\/wp\/v2\/posts"}],"about":[{"href":"https:\/\/elcafedepipa.com\/index.php\/wp-json\/wp\/v2\/types\/post"}],"author":[{"embeddable":true,"href":"https:\/\/elcafedepipa.com\/index.php\/wp-json\/wp\/v2\/users\/2"}],"replies":[{"embeddable":true,"href":"https:\/\/elcafedepipa.com\/index.php\/wp-json\/wp\/v2\/comments?post=24012"}],"version-history":[{"count":1,"href":"https:\/\/elcafedepipa.com\/index.php\/wp-json\/wp\/v2\/posts\/24012\/revisions"}],"predecessor-version":[{"id":24018,"href":"https:\/\/elcafedepipa.com\/index.php\/wp-json\/wp\/v2\/posts\/24012\/revisions\/24018"}],"wp:featuredmedia":[{"embeddable":true,"href":"https:\/\/elcafedepipa.com\/index.php\/wp-json\/wp\/v2\/media\/24017"}],"wp:attachment":[{"href":"https:\/\/elcafedepipa.com\/index.php\/wp-json\/wp\/v2\/media?parent=24012"}],"wp:term":[{"taxonomy":"category","embeddable":true,"href":"https:\/\/elcafedepipa.com\/index.php\/wp-json\/wp\/v2\/categories?post=24012"},{"taxonomy":"post_tag","embeddable":true,"href":"https:\/\/elcafedepipa.com\/index.php\/wp-json\/wp\/v2\/tags?post=24012"}],"curies":[{"name":"wp","href":"https:\/\/api.w.org\/{rel}","templated":true}]}}