{"id":24009,"date":"2026-04-28T10:13:42","date_gmt":"2026-04-28T08:13:42","guid":{"rendered":"https:\/\/elcafedepipa.com\/?p=24009"},"modified":"2026-04-28T10:13:53","modified_gmt":"2026-04-28T08:13:53","slug":"lalcalde-de-nules-decideix-no-participar-a-la-cimera-dalcaldes-convocada-per-la-diputacio-provincial","status":"publish","type":"post","link":"https:\/\/elcafedepipa.com\/index.php\/2026\/04\/28\/lalcalde-de-nules-decideix-no-participar-a-la-cimera-dalcaldes-convocada-per-la-diputacio-provincial\/","title":{"rendered":"L&#8217;Alcalde de Nules decideix no participar a la cimera d&#8217;alcaldes convocada per la Diputaci\u00f3 Provincial"},"content":{"rendered":"\n<p><strong>La considera un <em>parip\u00e9<\/em> perqu\u00e8 no s\u2019han tingut en compte les demandes fetes per Nules al llarg de la legislatura<\/strong><\/p>\n\n\n\n<p>L\u2019Alcalde de Nules, David Garc\u00eda, ha decidit no participar hui a la cimera d\u2019alcaldes convocada per la Diputaci\u00f3 Provincial de Castell\u00f3.<\/p>\n\n\n\n<p>El principal motiu que al\u00b7lega el primer edil \u00e9s que des de l\u2019Ajuntament de Nules s\u2019han traslladat al llarg de tota la legislatura diferents propostes, necessitats i sol\u00b7licituds de gran import\u00e0ncia per al municipi que ninguna d\u2019elles s\u2019ha incl\u00f2s als pressuposts de l\u2019administraci\u00f3 provincial, fins i tot algunes d\u2019elles no han tingut la resposta esperada ni d\u2019acord a les demandes.<\/p>\n\n\n\n<p>Per aquest motiu, David Garc\u00eda, considera que \u201cparticipar a la cimera d\u2019alcaldes \u00e9s formar part d\u2019un <em>parip\u00e9<\/em>. D\u2019un govern provincial que pret\u00e9n fer veure, de cara a la galeria, que escolta a tots els alcaldes, i que governa per a tota la prov\u00edncia, quan en realitat no \u00e9s aix\u00ed perqu\u00e8 ho fa a esquena dels que no som del seu color pol\u00edtic\u201d. I assenyala que \u201cun exemple est\u00e0 en l\u2019\u00fas abusiu dels convenis singulars que sempre s\u00f3n per als mateixos ajuntaments\u201d.<\/p>\n\n\n\n<p>Aix\u00ed mateix, Garc\u00eda, recalca que \u201cels f\u00f2rums institucionals han de ser \u00fatils, productius i orientats a resultats, quan aquesta utilitat no est\u00e0 clara, creem que \u00e9s la nostra responsabilitat actuar en coher\u00e8ncia i explicar-lo amb transpar\u00e8ncia\u201d.<\/p>\n\n\n\n<p>Amb tot, l\u2019alcalde de Nules vol ressaltar que ha estat una decisi\u00f3 meditada i que no respon a un fet puntual sin\u00f3 a una situaci\u00f3 acumulada en el temps, i que \u201caquesta decisi\u00f3 en cap cas suposa renunciar al di\u00e0leg institucional, al contrari, l\u2019Ajuntament de Nules mant\u00e9 la seua plena disposici\u00f3 a col\u00b7laborar amb la Diputaci\u00f3 Provincial sempre que existeixi un marc de treball basat en l\u2019escolta, el respecte institucional i l\u2019atenci\u00f3 a les necessitats reals del nostre municipi\u201d.<\/p>\n\n\n\n<p>Garc\u00eda apunta que \u201cseguirem defenent els interessos de Nules per totes les vies disponibles, amb responsabilitat i amb el comprom\u00eds ferm de treballar per millorar la qualitat de vida de la ciutadania\u201d.<\/p>\n\n\n\n<p>Per altra banda, l\u2019Alcalde de Nules dona el seu suport als bombers del Consorci Provincial que precisament hui es manifestaran a la pla\u00e7a de les Aules per l\u2019actitud del govern provincial amb aquest col\u00b7lectiu, i per la falta de recursos per a desenvolupar la seua tasca amb seguretat.<\/p>\n\n\n\n<p><\/p>\n","protected":false},"excerpt":{"rendered":"<p>La considera un parip\u00e9 perqu\u00e8 no s\u2019han tingut en compte les demandes fetes per Nules al llarg de la legislatura L\u2019Alcalde de Nules, David Garc\u00eda, ha decidit no participar hui a la cimera d\u2019alcaldes convocada per la Diputaci\u00f3 Provincial de Castell\u00f3. El principal motiu que al\u00b7lega el primer edil \u00e9s que des de l\u2019Ajuntament de &#8230; <a title=\"L&#8217;Alcalde de Nules decideix no participar a la cimera d&#8217;alcaldes convocada per la Diputaci\u00f3 Provincial\" class=\"read-more\" href=\"https:\/\/elcafedepipa.com\/index.php\/2026\/04\/28\/lalcalde-de-nules-decideix-no-participar-a-la-cimera-dalcaldes-convocada-per-la-diputacio-provincial\/\" aria-label=\"M\u00e9s informaci\u00f3 sobre L&#8217;Alcalde de Nules decideix no participar a la cimera d&#8217;alcaldes convocada per la Diputaci\u00f3 Provincial\">Read more<\/a><\/p>\n","protected":false},"author":2,"featured_media":24010,"comment_status":"closed","ping_status":"closed","sticky":false,"template":"","format":"standard","meta":{"om_disable_all_campaigns":false,"_monsterinsights_skip_tracking":false,"_monsterinsights_sitenote_active":false,"_monsterinsights_sitenote_note":"","_monsterinsights_sitenote_category":0,"_uf_show_specific_survey":0,"_uf_disable_surveys":false,"footnotes":""},"categories":[3],"tags":[],"class_list":["post-24009","post","type-post","status-publish","format-standard","has-post-thumbnail","hentry","category-nules"],"_links":{"self":[{"href":"https:\/\/elcafedepipa.com\/index.php\/wp-json\/wp\/v2\/posts\/24009","targetHints":{"allow":["GET"]}}],"collection":[{"href":"https:\/\/elcafedepipa.com\/index.php\/wp-json\/wp\/v2\/posts"}],"about":[{"href":"https:\/\/elcafedepipa.com\/index.php\/wp-json\/wp\/v2\/types\/post"}],"author":[{"embeddable":true,"href":"https:\/\/elcafedepipa.com\/index.php\/wp-json\/wp\/v2\/users\/2"}],"replies":[{"embeddable":true,"href":"https:\/\/elcafedepipa.com\/index.php\/wp-json\/wp\/v2\/comments?post=24009"}],"version-history":[{"count":1,"href":"https:\/\/elcafedepipa.com\/index.php\/wp-json\/wp\/v2\/posts\/24009\/revisions"}],"predecessor-version":[{"id":24011,"href":"https:\/\/elcafedepipa.com\/index.php\/wp-json\/wp\/v2\/posts\/24009\/revisions\/24011"}],"wp:featuredmedia":[{"embeddable":true,"href":"https:\/\/elcafedepipa.com\/index.php\/wp-json\/wp\/v2\/media\/24010"}],"wp:attachment":[{"href":"https:\/\/elcafedepipa.com\/index.php\/wp-json\/wp\/v2\/media?parent=24009"}],"wp:term":[{"taxonomy":"category","embeddable":true,"href":"https:\/\/elcafedepipa.com\/index.php\/wp-json\/wp\/v2\/categories?post=24009"},{"taxonomy":"post_tag","embeddable":true,"href":"https:\/\/elcafedepipa.com\/index.php\/wp-json\/wp\/v2\/tags?post=24009"}],"curies":[{"name":"wp","href":"https:\/\/api.w.org\/{rel}","templated":true}]}}