{"id":24006,"date":"2026-04-28T10:10:55","date_gmt":"2026-04-28T08:10:55","guid":{"rendered":"https:\/\/elcafedepipa.com\/?p=24006"},"modified":"2026-04-28T10:11:07","modified_gmt":"2026-04-28T08:11:07","slug":"leducacio-protagonista-a-la-nova-conferencia-del-cicle-agora-nules-amb-la-televisiva-supernanny","status":"publish","type":"post","link":"https:\/\/elcafedepipa.com\/index.php\/2026\/04\/28\/leducacio-protagonista-a-la-nova-conferencia-del-cicle-agora-nules-amb-la-televisiva-supernanny\/","title":{"rendered":"L&#8217;educaci\u00f3, protagonista a la nova confer\u00e8ncia del Cicle \u00c0gora Nules amb la televisiva Supernanny"},"content":{"rendered":"\n<p>Centenars de persones es congreguen per a escoltar la xerrada \u201cSobreproteges o educas\u201d<\/p>\n\n\n\n<p>\u201c\u00bfSobreproteges o educas?\u201d, ha estat el tema exposat hui al Cicle de Confer\u00e8ncies \u00c0gora Nules que han protagonitzaran Roc\u00edo Ramos-Pa\u00fal Salto, coneguda pel seu programa televisiu \u201cSupernanny\u201d, i Luis Torres Cardona.<\/p>\n\n\n\n<p>Tots dos, han tractat un dels grans debats educatius del nostre temps, com \u00e9s el creixent inter\u00e8s social per reflexionar sobre els models actuals de crian\u00e7a, els l\u00edmits, el paper de les fam\u00edlies i la gesti\u00f3 emocional de xiquets, xiquetes i adolescents.<\/p>\n\n\n\n<p>De fet, centenars de persones han volgut escoltar a aquests ponents que han abordat aquestes q\u00fcestions des d\u2019una perspectiva rigorosa, profundament pr\u00e0ctica i connectada amb la realitat de les fam\u00edlies.<\/p>\n\n\n\n<p>A m\u00e9s, tamb\u00e9 s\u2019han creat diverses sin\u00e8rgies amb les persones presents en intercanviar opinions, i exposar situacions reals relacionades amb el m\u00f3n de l\u2019educaci\u00f3.<\/p>\n\n\n\n<p>Cal recordar que, Roc\u00edo Ramos-Pa\u00fal Salto, \u00e9s psic\u00f2loga, divulgadora i una de les veus m\u00e9s reconegudes a Espanya en educaci\u00f3 familiar, \u00e9s coneguda per la seua ampla traject\u00f2ria medi\u00e0tica com a presentadora del programa \u201cSupernanny\u201d, referent nacional en educaci\u00f3 familiar i conductes infantils. I Luis Torres Cardona, \u00e9s psic\u00f2leg cl\u00ednic, expert en inf\u00e0ncia i adolesc\u00e8ncia, autor i formador. Professor universitari i tutor acad\u00e8mic en programes de postgrau, i especialista en diagn\u00f2stic, avaluaci\u00f3, modificaci\u00f3 de conducta, dificultats d\u2019aprenentatge i habilitats socials<\/p>\n\n\n\n<p>El Cicle de Confer\u00e8ncies \u00c0gora Nules \u00e9s un espai que naix amb el prop\u00f2sit de fomentar la trobada, el di\u00e0leg ser\u00e8, l\u2019escolta activa i la reflexi\u00f3 compartida. Es tracta, en definitiva, d\u2019un cicle que impulsa l\u2019Ajuntament de Nules amb la col\u00b7laboraci\u00f3 de l\u2019Associaci\u00f3 Empresarial de Nules i de la UNED Castell\u00f3-Vila-real, i que vol consolidar-se com un f\u00f2rum de pluralitat i pensament lliure.<\/p>\n","protected":false},"excerpt":{"rendered":"<p>Centenars de persones es congreguen per a escoltar la xerrada \u201cSobreproteges o educas\u201d \u201c\u00bfSobreproteges o educas?\u201d, ha estat el tema exposat hui al Cicle de Confer\u00e8ncies \u00c0gora Nules que han protagonitzaran Roc\u00edo Ramos-Pa\u00fal Salto, coneguda pel seu programa televisiu \u201cSupernanny\u201d, i Luis Torres Cardona. Tots dos, han tractat un dels grans debats educatius del nostre &#8230; <a title=\"L&#8217;educaci\u00f3, protagonista a la nova confer\u00e8ncia del Cicle \u00c0gora Nules amb la televisiva Supernanny\" class=\"read-more\" href=\"https:\/\/elcafedepipa.com\/index.php\/2026\/04\/28\/leducacio-protagonista-a-la-nova-conferencia-del-cicle-agora-nules-amb-la-televisiva-supernanny\/\" aria-label=\"M\u00e9s informaci\u00f3 sobre L&#8217;educaci\u00f3, protagonista a la nova confer\u00e8ncia del Cicle \u00c0gora Nules amb la televisiva Supernanny\">Read more<\/a><\/p>\n","protected":false},"author":2,"featured_media":24007,"comment_status":"closed","ping_status":"closed","sticky":false,"template":"","format":"standard","meta":{"om_disable_all_campaigns":false,"_monsterinsights_skip_tracking":false,"_monsterinsights_sitenote_active":false,"_monsterinsights_sitenote_note":"","_monsterinsights_sitenote_category":0,"_uf_show_specific_survey":0,"_uf_disable_surveys":false,"footnotes":""},"categories":[3],"tags":[],"class_list":["post-24006","post","type-post","status-publish","format-standard","has-post-thumbnail","hentry","category-nules"],"_links":{"self":[{"href":"https:\/\/elcafedepipa.com\/index.php\/wp-json\/wp\/v2\/posts\/24006","targetHints":{"allow":["GET"]}}],"collection":[{"href":"https:\/\/elcafedepipa.com\/index.php\/wp-json\/wp\/v2\/posts"}],"about":[{"href":"https:\/\/elcafedepipa.com\/index.php\/wp-json\/wp\/v2\/types\/post"}],"author":[{"embeddable":true,"href":"https:\/\/elcafedepipa.com\/index.php\/wp-json\/wp\/v2\/users\/2"}],"replies":[{"embeddable":true,"href":"https:\/\/elcafedepipa.com\/index.php\/wp-json\/wp\/v2\/comments?post=24006"}],"version-history":[{"count":1,"href":"https:\/\/elcafedepipa.com\/index.php\/wp-json\/wp\/v2\/posts\/24006\/revisions"}],"predecessor-version":[{"id":24008,"href":"https:\/\/elcafedepipa.com\/index.php\/wp-json\/wp\/v2\/posts\/24006\/revisions\/24008"}],"wp:featuredmedia":[{"embeddable":true,"href":"https:\/\/elcafedepipa.com\/index.php\/wp-json\/wp\/v2\/media\/24007"}],"wp:attachment":[{"href":"https:\/\/elcafedepipa.com\/index.php\/wp-json\/wp\/v2\/media?parent=24006"}],"wp:term":[{"taxonomy":"category","embeddable":true,"href":"https:\/\/elcafedepipa.com\/index.php\/wp-json\/wp\/v2\/categories?post=24006"},{"taxonomy":"post_tag","embeddable":true,"href":"https:\/\/elcafedepipa.com\/index.php\/wp-json\/wp\/v2\/tags?post=24006"}],"curies":[{"name":"wp","href":"https:\/\/api.w.org\/{rel}","templated":true}]}}