{"id":23998,"date":"2026-04-27T14:58:00","date_gmt":"2026-04-27T12:58:00","guid":{"rendered":"https:\/\/elcafedepipa.com\/?p=23998"},"modified":"2026-04-27T14:58:13","modified_gmt":"2026-04-27T12:58:13","slug":"la-vall-duixo-rep-prop-de-2-milions-deuros-per-a-crear-un-centre-pioner-de-suport-a-la-infancia-i-les-families","status":"publish","type":"post","link":"https:\/\/elcafedepipa.com\/index.php\/2026\/04\/27\/la-vall-duixo-rep-prop-de-2-milions-deuros-per-a-crear-un-centre-pioner-de-suport-a-la-infancia-i-les-families\/","title":{"rendered":"La Vall d\u2019Uix\u00f3 rep prop de 2 milions d\u2019euros per a crear un centre pioner de suport a la inf\u00e0ncia i les fam\u00edlies"},"content":{"rendered":"\n<p><strong>El municipi \u00e9s l\u2019\u00fanic de menys de 50.000 habitants d\u2019Espanya que obt\u00e9 esta subvenci\u00f3 estatal per a posar en marxa un CRIA durant tres any.<\/strong><\/p>\n\n\n\n<p>L\u2019Ajuntament de la Vall d\u2019Uix\u00f3 ha rebut una subvenci\u00f3 de\u00a01.938.176 euros del Ministeri de Drets Socials, Consum i Agenda 2030 i del Fons Social Europeu per a posar en marxa un CRIA (Centre de Recursos per a la Inf\u00e0ncia Acompanyada), un projecte innovador orientat a refor\u00e7ar el suport a les fam\u00edlies i a la inf\u00e0ncia en els primers anys de vida.<\/p>\n\n\n\n<p>El programa tindr\u00e0 una durada de tres anys i permetr\u00e0 crear un centre municipal de refer\u00e8ncia per a promoure els bons tractes, l\u2019aferrament\u00a0segur, la neuroprotecci\u00f3 i la prevenci\u00f3 de situacions de risc en la inf\u00e0ncia, centrant l\u2019atenci\u00f3 especialment en el tram de 0 a 3 anys.<\/p>\n\n\n\n<p>La Vall d\u2019Uix\u00f3 \u00e9s l\u2019\u00fanic municipi de menys de 50.000 habitants de tota Espanya que ha aconseguit esta subvenci\u00f3, fet que \u201cens posiciona com un poble que est\u00e0 apostant per pol\u00edtiques comunit\u00e0ries de cures i prevenci\u00f3 perqu\u00e8 ning\u00fa quede enrere\u201d, tal com ha destacat el regidor de Serveis Socials, Jorge Marqu\u00e9s.<\/p>\n\n\n\n<p><br>Amb este nou recurs p\u00fablic s\u2019integrar\u00e0 la intervenci\u00f3 social, sanit\u00e0ria, educativa i&nbsp;dirigida a les fam\u00edlies&nbsp;del municipi, oferint suport universal, gratu\u00eft i accessible a totes les fam\u00edlies a trav\u00e9s de formaci\u00f3, informaci\u00f3 i experi\u00e8ncies orientades a millorar les compet\u00e8ncies parentals.<\/p>\n\n\n\n<p><br>A m\u00e9s, en tractar-se d\u2019un programa impulsat pel Govern d\u2019Espanya, els resultats del projecte seran avaluats durant el seu desenvolupament amb l\u2019objectiu de testar este model d\u2019intervenci\u00f3 i poder replicar-lo en altres municipis en el futur.<\/p>\n\n\n\n<p><br>Marqu\u00e9s ha assenyalat que \u201c\u00e9s una molt bona not\u00edcia per a la Vall, perqu\u00e8 ens permet millorar i enfortir el treball preventiu dirigit a fam\u00edlies i menors de 0 a 3 anys, una etapa clau per al desenvolupament dels xiquets i xiquetes\u201d. En este sentit,&nbsp;cal destacar que&nbsp;al municipi hi ha al voltant de 1.300 menors en esta franja d\u2019edat.<\/p>\n\n\n\n<p><br>El futur CRIA oferir\u00e0 un servei m\u00e9s ampli que el que actualment es presta des dels Serveis Socials municipals, amb m\u00e9s professionals i noves accions com tallers i activitats de psicomotricitat, logop\u00e8dia, psicologia, creixement emocional,&nbsp;aferrament&nbsp;segur, orientaci\u00f3 familiar en crian\u00e7a, benestar infantil o espai de ludoteca.<\/p>\n\n\n\n<p><br>\u201cVolem enfortir els vincles familiars amb una xarxa de suport comunit\u00e0ria perqu\u00e8 els xiquets i xiquetes, des que naixen, puguen cr\u00e9ixer de forma segura, amb felicitat i autoestima. Aix\u00f2 \u00e9s tamb\u00e9 construir un poble amb futur\u201d, ha afirmat el regidor.<\/p>\n\n\n\n<p><br>Este projecte experimental i pioner refor\u00e7a l\u2019aposta de l\u2019Ajuntament per les pol\u00edtiques p\u00fabliques de cures, prevenci\u00f3 i acompanyament a les fam\u00edlies des de la proximitat i l\u2019atenci\u00f3 comunit\u00e0ria.<\/p>\n","protected":false},"excerpt":{"rendered":"<p>El municipi \u00e9s l\u2019\u00fanic de menys de 50.000 habitants d\u2019Espanya que obt\u00e9 esta subvenci\u00f3 estatal per a posar en marxa un CRIA durant tres any. L\u2019Ajuntament de la Vall d\u2019Uix\u00f3 ha rebut una subvenci\u00f3 de\u00a01.938.176 euros del Ministeri de Drets Socials, Consum i Agenda 2030 i del Fons Social Europeu per a posar en marxa &#8230; <a title=\"La Vall d\u2019Uix\u00f3 rep prop de 2 milions d\u2019euros per a crear un centre pioner de suport a la inf\u00e0ncia i les fam\u00edlies\" class=\"read-more\" href=\"https:\/\/elcafedepipa.com\/index.php\/2026\/04\/27\/la-vall-duixo-rep-prop-de-2-milions-deuros-per-a-crear-un-centre-pioner-de-suport-a-la-infancia-i-les-families\/\" aria-label=\"M\u00e9s informaci\u00f3 sobre La Vall d\u2019Uix\u00f3 rep prop de 2 milions d\u2019euros per a crear un centre pioner de suport a la inf\u00e0ncia i les fam\u00edlies\">Read more<\/a><\/p>\n","protected":false},"author":2,"featured_media":23999,"comment_status":"closed","ping_status":"closed","sticky":false,"template":"","format":"standard","meta":{"om_disable_all_campaigns":false,"_monsterinsights_skip_tracking":false,"_monsterinsights_sitenote_active":false,"_monsterinsights_sitenote_note":"","_monsterinsights_sitenote_category":0,"_uf_show_specific_survey":0,"_uf_disable_surveys":false,"footnotes":""},"categories":[2],"tags":[],"class_list":["post-23998","post","type-post","status-publish","format-standard","has-post-thumbnail","hentry","category-lavallduixo"],"_links":{"self":[{"href":"https:\/\/elcafedepipa.com\/index.php\/wp-json\/wp\/v2\/posts\/23998","targetHints":{"allow":["GET"]}}],"collection":[{"href":"https:\/\/elcafedepipa.com\/index.php\/wp-json\/wp\/v2\/posts"}],"about":[{"href":"https:\/\/elcafedepipa.com\/index.php\/wp-json\/wp\/v2\/types\/post"}],"author":[{"embeddable":true,"href":"https:\/\/elcafedepipa.com\/index.php\/wp-json\/wp\/v2\/users\/2"}],"replies":[{"embeddable":true,"href":"https:\/\/elcafedepipa.com\/index.php\/wp-json\/wp\/v2\/comments?post=23998"}],"version-history":[{"count":1,"href":"https:\/\/elcafedepipa.com\/index.php\/wp-json\/wp\/v2\/posts\/23998\/revisions"}],"predecessor-version":[{"id":24000,"href":"https:\/\/elcafedepipa.com\/index.php\/wp-json\/wp\/v2\/posts\/23998\/revisions\/24000"}],"wp:featuredmedia":[{"embeddable":true,"href":"https:\/\/elcafedepipa.com\/index.php\/wp-json\/wp\/v2\/media\/23999"}],"wp:attachment":[{"href":"https:\/\/elcafedepipa.com\/index.php\/wp-json\/wp\/v2\/media?parent=23998"}],"wp:term":[{"taxonomy":"category","embeddable":true,"href":"https:\/\/elcafedepipa.com\/index.php\/wp-json\/wp\/v2\/categories?post=23998"},{"taxonomy":"post_tag","embeddable":true,"href":"https:\/\/elcafedepipa.com\/index.php\/wp-json\/wp\/v2\/tags?post=23998"}],"curies":[{"name":"wp","href":"https:\/\/api.w.org\/{rel}","templated":true}]}}