{"id":23991,"date":"2026-04-27T14:00:18","date_gmt":"2026-04-27T12:00:18","guid":{"rendered":"https:\/\/elcafedepipa.com\/?p=23991"},"modified":"2026-04-27T14:00:29","modified_gmt":"2026-04-27T12:00:29","slug":"la-vall-duixo-inicia-una-nova-campanya-de-repartiment-del-cub-marro-per-a-impulsar-la-separacio-de-residus-organics","status":"publish","type":"post","link":"https:\/\/elcafedepipa.com\/index.php\/2026\/04\/27\/la-vall-duixo-inicia-una-nova-campanya-de-repartiment-del-cub-marro-per-a-impulsar-la-separacio-de-residus-organics\/","title":{"rendered":"La Vall d\u2019Uix\u00f3 inicia una nova campanya de repartiment del cub marr\u00f3 per a impulsar la separaci\u00f3 de residus org\u00e0nics"},"content":{"rendered":"\n<p>L\u2019Ajuntament ja ha arribat a 9.457 vivendes i vol estendre el servei a les prop de 18.600 llars del municipi<\/p>\n\n\n\n<p>L\u2019Ajuntament de la Vall d\u2019Uix\u00f3 ha iniciat una nova campanya de repartiment del cub marr\u00f3 per a fomentar la separaci\u00f3 de la mat\u00e8ria org\u00e0nica en les llars i continuar avan\u00e7ant cap a una gesti\u00f3 m\u00e9s sostenible dels residus. Esta acci\u00f3 es realitza anualment amb alumnat d\u2019educaci\u00f3 ambiental en pr\u00e0ctiques, coordinat per l\u2019educador ambiental municipal.<\/p>\n\n\n\n<p>Fins al moment, la iniciativa ja ha arribat a 9.457 vivendes i l\u2019objectiu \u00e9s continuar ampliant-la fins a les prop de 18.600 que hi ha a la ciutat. Durant el repartiment, que es realitza porta a porta, es facilita a cada vivenda un cub marr\u00f3, bosses compostables, una guia de separaci\u00f3 i una fulla informativa.<\/p>\n\n\n\n<p>El regidor de Medi Ambient i Transici\u00f3 Ecol\u00f2gica, Marc Seguer, ha remarcat que \u201cla mat\u00e8ria org\u00e0nica representa aproximadament el 50% del fem que genera una vivenda, per\u00f2 actualment nom\u00e9s l\u20191,4% del total dels residus arreplegats correspon a esta fracci\u00f3\u201d. En este sentit, ha assenyalat que \u201cles dades mostren que encara estem lluny de l\u2019objectiu de la separaci\u00f3 plena, per\u00f2 tamb\u00e9 que tenim un gran marge de millora\u201d.<\/p>\n\n\n\n<p>Seguer ha recordat que no separar correctament els residus \u201ct\u00e9 impacte en el medi ambient i en la salut, per\u00f2 tamb\u00e9 econ\u00f2micament, tant per a l\u2019Ajuntament com per a la ciutadania a trav\u00e9s de les taxes\u201d. De fet, l\u2019any passat el consistori va abonar 149.000 euros d\u2019impost per abocador per no realitzar una separaci\u00f3 adequada.<\/p>\n\n\n\n<p>En els \u00faltims anys, l\u2019Ajuntament ha intensificat el treball en esta mat\u00e8ria amb campanyes dirigides a la ciutadania, actuacions espec\u00edfiques amb grans productors com menjadors escolars, supermercats o hostaleria, i tamb\u00e9 amb la millora de la infraestructura p\u00fablica. Aix\u00ed, el nombre de contenidors marrons al carrer ha passat de 122 a 256, gr\u00e0cies al finan\u00e7ament dels fons europeus Next Generation EU.<\/p>\n\n\n\n<p>Este esfor\u00e7 ja est\u00e0 donant resultats. En 2024 es van arreplegar 165 tones de residus org\u00e0nics, mentre que en 2025 la xifra va ascendir a 247 tones, un increment del 49,7% en nom\u00e9s un any. \u201cEl repte ara \u00e9s continuar augmentant estes dades, perqu\u00e8 separar millor significa estalviar recursos, cuidar el medi ambient i protegir la salut\u201d, ha concl\u00f2s Seguer, qui ha apel\u00b7lat a la implicaci\u00f3 de tota la ciutadania en esta \u201ctasca compartida\u201d.<\/p>\n","protected":false},"excerpt":{"rendered":"<p>L\u2019Ajuntament ja ha arribat a 9.457 vivendes i vol estendre el servei a les prop de 18.600 llars del municipi L\u2019Ajuntament de la Vall d\u2019Uix\u00f3 ha iniciat una nova campanya de repartiment del cub marr\u00f3 per a fomentar la separaci\u00f3 de la mat\u00e8ria org\u00e0nica en les llars i continuar avan\u00e7ant cap a una gesti\u00f3 m\u00e9s &#8230; <a title=\"La Vall d\u2019Uix\u00f3 inicia una nova campanya de repartiment del cub marr\u00f3 per a impulsar la separaci\u00f3 de residus org\u00e0nics\" class=\"read-more\" href=\"https:\/\/elcafedepipa.com\/index.php\/2026\/04\/27\/la-vall-duixo-inicia-una-nova-campanya-de-repartiment-del-cub-marro-per-a-impulsar-la-separacio-de-residus-organics\/\" aria-label=\"M\u00e9s informaci\u00f3 sobre La Vall d\u2019Uix\u00f3 inicia una nova campanya de repartiment del cub marr\u00f3 per a impulsar la separaci\u00f3 de residus org\u00e0nics\">Read more<\/a><\/p>\n","protected":false},"author":2,"featured_media":23992,"comment_status":"closed","ping_status":"closed","sticky":false,"template":"","format":"standard","meta":{"om_disable_all_campaigns":false,"_monsterinsights_skip_tracking":false,"_monsterinsights_sitenote_active":false,"_monsterinsights_sitenote_note":"","_monsterinsights_sitenote_category":0,"_uf_show_specific_survey":0,"_uf_disable_surveys":false,"footnotes":""},"categories":[2],"tags":[],"class_list":["post-23991","post","type-post","status-publish","format-standard","has-post-thumbnail","hentry","category-lavallduixo"],"_links":{"self":[{"href":"https:\/\/elcafedepipa.com\/index.php\/wp-json\/wp\/v2\/posts\/23991","targetHints":{"allow":["GET"]}}],"collection":[{"href":"https:\/\/elcafedepipa.com\/index.php\/wp-json\/wp\/v2\/posts"}],"about":[{"href":"https:\/\/elcafedepipa.com\/index.php\/wp-json\/wp\/v2\/types\/post"}],"author":[{"embeddable":true,"href":"https:\/\/elcafedepipa.com\/index.php\/wp-json\/wp\/v2\/users\/2"}],"replies":[{"embeddable":true,"href":"https:\/\/elcafedepipa.com\/index.php\/wp-json\/wp\/v2\/comments?post=23991"}],"version-history":[{"count":1,"href":"https:\/\/elcafedepipa.com\/index.php\/wp-json\/wp\/v2\/posts\/23991\/revisions"}],"predecessor-version":[{"id":23993,"href":"https:\/\/elcafedepipa.com\/index.php\/wp-json\/wp\/v2\/posts\/23991\/revisions\/23993"}],"wp:featuredmedia":[{"embeddable":true,"href":"https:\/\/elcafedepipa.com\/index.php\/wp-json\/wp\/v2\/media\/23992"}],"wp:attachment":[{"href":"https:\/\/elcafedepipa.com\/index.php\/wp-json\/wp\/v2\/media?parent=23991"}],"wp:term":[{"taxonomy":"category","embeddable":true,"href":"https:\/\/elcafedepipa.com\/index.php\/wp-json\/wp\/v2\/categories?post=23991"},{"taxonomy":"post_tag","embeddable":true,"href":"https:\/\/elcafedepipa.com\/index.php\/wp-json\/wp\/v2\/tags?post=23991"}],"curies":[{"name":"wp","href":"https:\/\/api.w.org\/{rel}","templated":true}]}}