{"id":23984,"date":"2026-04-26T15:37:56","date_gmt":"2026-04-26T13:37:56","guid":{"rendered":"https:\/\/elcafedepipa.com\/?p=23984"},"modified":"2026-04-24T15:39:05","modified_gmt":"2026-04-24T13:39:05","slug":"nules-treballa-en-lorganitzacio-del-seu-iii-forum-docupacio","status":"publish","type":"post","link":"https:\/\/elcafedepipa.com\/index.php\/2026\/04\/26\/nules-treballa-en-lorganitzacio-del-seu-iii-forum-docupacio\/","title":{"rendered":"Nules treballa en l&#8217;organitzaci\u00f3 del seu III F\u00f2rum d&#8217;Ocupaci\u00f3"},"content":{"rendered":"\n<p>Se celebrar\u00e0 dijous 7 de maig al Local Multifuncional<\/p>\n\n\n\n<p>L\u2019Ajuntament de Nules est\u00e0 ja immers en l\u2019organitzaci\u00f3 del seu III F\u00f2rum d\u2019Ocupaci\u00f3 que se celebrar\u00e0 dijous, 7 de maig, al Local Multifuncional en horari de 9 a 14 hores.<\/p>\n\n\n\n<p>Davant l\u2019\u00e8xit de les dos anteriors edicions i amb l\u2019objectiu de seguir millorant l\u2019ocupabilitat del ve\u00efnat, l\u2019Ajuntament de Nules segueix apostant per aquest F\u00f2rum d\u2019Ocupaci\u00f3 Som Talent Nules que fins ara compta ja amb 82 ofertes de treball. A m\u00e9s, es podr\u00e0 trobar informaci\u00f3 i assessorament als expositors participants, aprenentatge amb eines de millora de la recerca d\u2019ocupaci\u00f3, i tamb\u00e9 hi haur\u00e0 entrevistes de treball per part d\u2019empreses locals i de la comarca de la Plana Baixa presents en aquest f\u00f2rum, entre d\u2019altres.<\/p>\n\n\n\n<p>De fet, a la p\u00e0gina web https:\/\/nules.somtalent.es es troba tota la informaci\u00f3 relacionada amb el f\u00f2rum, el proc\u00e9s d\u2019inscripci\u00f3, i les ofertes de treball. De manera que, per a poder participar en el proc\u00e9s de selecci\u00f3 per a les entrevistes hi ha que fer la corresponent inscripci\u00f3 abans del 4 de maig.<\/p>\n\n\n\n<p>Al respecte, la regidora de Pol\u00edtiques d\u2019Ocupaci\u00f3, Rosa Ventura, ha assenyalat que \u201cSom Talent Nules torna un any m\u00e9s a la nostra poblaci\u00f3 com una iniciativa clau per a millorar les oportunitats laborals del ve\u00efnat i refor\u00e7ar el teixit econ\u00f2mic local\u201d.<\/p>\n\n\n\n<p>Des de la regidoria de Pol\u00edtiques d\u2019Ocupaci\u00f3 es destaca que fa anys que la regidoria est\u00e0 bolcada en trobar les millors possibilitats de treball per a la poblaci\u00f3, \u201cque ens permetin seguir baixant la taxa d\u2019atur\u201d, apunta Ventura.<\/p>\n\n\n\n<p>En aquest sentit, la taxa d\u2019atur del municipi de Nules corresponent al mes de mar\u00e7 de 2026 \u00e9s del 5,27%, \u201cestem per baix de la mitjana de la comarca, prov\u00edncia i autonomia que se situa en un 8,13% per\u00f2 encara queda molt per fer<\/p>\n\n\n\n<p>i aquest any continuarem apostant per formar, assessorar i orientar al nostre ve\u00efnat per a aconseguir la plena ocupaci\u00f3\u201d.<\/p>\n\n\n\n<p>De fet, Nules compta actualment amb un total de 488 persones aturades, i des de l\u2019Ajuntament de Nules es destina una quantia de 200.000 euros per fer possible la seua adhesi\u00f3 a les diferents subvencions. En concret, actualment compta amb quatre programes d\u2019ocupaci\u00f3 en funcionament subvencionats per LABORA: Talent Jove, Acci\u00f3 Inserta, Escola Taller i Taller d\u2019Ocupaci\u00f3.<\/p>\n\n\n\n<p>Aquests programes, amb 10 especialitats formatives, compten amb una subvenci\u00f3 total de 2.757.173 euros, 100 alumnes treballadors contractats, m\u00e9s personal docent, administratiu i directiu.<\/p>\n\n\n\n<p>\u201cS\u00f3n iniciatives del Servei Valenci\u00e0 d\u2019Ocupaci\u00f3 i Formaci\u00f3 de la Generalitat Valenciana dissenyades per a fomentar l\u2019ocupaci\u00f3, la formaci\u00f3 professional i la inserci\u00f3 laboral que inclouen orientaci\u00f3, ajudes per a contractacions, formaci\u00f3 per a persones aturades i programes mixtes que combinen treball i capacitaci\u00f3\u201d, conclou Rosa Ventura.<\/p>\n","protected":false},"excerpt":{"rendered":"<p>Se celebrar\u00e0 dijous 7 de maig al Local Multifuncional L\u2019Ajuntament de Nules est\u00e0 ja immers en l\u2019organitzaci\u00f3 del seu III F\u00f2rum d\u2019Ocupaci\u00f3 que se celebrar\u00e0 dijous, 7 de maig, al Local Multifuncional en horari de 9 a 14 hores. Davant l\u2019\u00e8xit de les dos anteriors edicions i amb l\u2019objectiu de seguir millorant l\u2019ocupabilitat del ve\u00efnat, &#8230; <a title=\"Nules treballa en l&#8217;organitzaci\u00f3 del seu III F\u00f2rum d&#8217;Ocupaci\u00f3\" class=\"read-more\" href=\"https:\/\/elcafedepipa.com\/index.php\/2026\/04\/26\/nules-treballa-en-lorganitzacio-del-seu-iii-forum-docupacio\/\" aria-label=\"M\u00e9s informaci\u00f3 sobre Nules treballa en l&#8217;organitzaci\u00f3 del seu III F\u00f2rum d&#8217;Ocupaci\u00f3\">Read more<\/a><\/p>\n","protected":false},"author":2,"featured_media":23985,"comment_status":"closed","ping_status":"closed","sticky":false,"template":"","format":"standard","meta":{"om_disable_all_campaigns":false,"_monsterinsights_skip_tracking":false,"_monsterinsights_sitenote_active":false,"_monsterinsights_sitenote_note":"","_monsterinsights_sitenote_category":0,"_uf_show_specific_survey":0,"_uf_disable_surveys":false,"footnotes":""},"categories":[3],"tags":[],"class_list":["post-23984","post","type-post","status-publish","format-standard","has-post-thumbnail","hentry","category-nules"],"_links":{"self":[{"href":"https:\/\/elcafedepipa.com\/index.php\/wp-json\/wp\/v2\/posts\/23984","targetHints":{"allow":["GET"]}}],"collection":[{"href":"https:\/\/elcafedepipa.com\/index.php\/wp-json\/wp\/v2\/posts"}],"about":[{"href":"https:\/\/elcafedepipa.com\/index.php\/wp-json\/wp\/v2\/types\/post"}],"author":[{"embeddable":true,"href":"https:\/\/elcafedepipa.com\/index.php\/wp-json\/wp\/v2\/users\/2"}],"replies":[{"embeddable":true,"href":"https:\/\/elcafedepipa.com\/index.php\/wp-json\/wp\/v2\/comments?post=23984"}],"version-history":[{"count":1,"href":"https:\/\/elcafedepipa.com\/index.php\/wp-json\/wp\/v2\/posts\/23984\/revisions"}],"predecessor-version":[{"id":23986,"href":"https:\/\/elcafedepipa.com\/index.php\/wp-json\/wp\/v2\/posts\/23984\/revisions\/23986"}],"wp:featuredmedia":[{"embeddable":true,"href":"https:\/\/elcafedepipa.com\/index.php\/wp-json\/wp\/v2\/media\/23985"}],"wp:attachment":[{"href":"https:\/\/elcafedepipa.com\/index.php\/wp-json\/wp\/v2\/media?parent=23984"}],"wp:term":[{"taxonomy":"category","embeddable":true,"href":"https:\/\/elcafedepipa.com\/index.php\/wp-json\/wp\/v2\/categories?post=23984"},{"taxonomy":"post_tag","embeddable":true,"href":"https:\/\/elcafedepipa.com\/index.php\/wp-json\/wp\/v2\/tags?post=23984"}],"curies":[{"name":"wp","href":"https:\/\/api.w.org\/{rel}","templated":true}]}}