{"id":23981,"date":"2026-04-24T16:48:00","date_gmt":"2026-04-24T14:48:00","guid":{"rendered":"https:\/\/elcafedepipa.com\/?p=23981"},"modified":"2026-04-24T14:49:51","modified_gmt":"2026-04-24T12:49:51","slug":"nules-obri-una-borsa-de-treball-per-a-la-brigada-dobres-i-serveis","status":"publish","type":"post","link":"https:\/\/elcafedepipa.com\/index.php\/2026\/04\/24\/nules-obri-una-borsa-de-treball-per-a-la-brigada-dobres-i-serveis\/","title":{"rendered":"Nules obri una borsa de treball per a la brigada d&#8217;obres i serveis"},"content":{"rendered":"\n<p>Les persones interessades poden presentar la corresponent sol\u00b7licitud fins el 8 de maig<\/p>\n\n\n\n<p>L\u2019Ajuntament de Nules ha iniciat el proc\u00e9s per a la creaci\u00f3 d\u2019una nova borsa de treball destinada a cobrir substitucions temporals de peons en la brigada d\u2019obres i serveis, amb l\u2019objectiu de garantir el correcte funcionament dels serveis municipals. Aquesta convocat\u00f2ria respon a la necessitat de cobrir baixes per malaltia, permisos o altres conting\u00e8ncies del personal municipal, assegurant en tot moment la qualitat del servei que es presta a la ciutadania. Tal com recull l\u2019expedient municipal, la borsa permetr\u00e0 atendre necessitats urgents i inajornables mitjan\u00e7ant contractacions temporals ajustades a la normativa vigent. El regidor delegat d\u2019Obres i Serveis, Ram\u00f3n Lucas, ha destacat la import\u00e0ncia d\u2019aquesta iniciativa \u201c\u00e9s fonamental comptar amb una borsa actualitzada que ens permeta respondre amb rapidesa davant qualsevol baixa o abs\u00e8ncia del personal. D\u2019aquesta manera garantim que el servei de la brigada no es veja afectat i que els ve\u00efns i ve\u00efnes continuen rebent una atenci\u00f3 de qualitat\u201d.<\/p>\n\n\n\n<p>De manera que, les persones interessades a participar en aquest proc\u00e9s selectiu poden presentar la corresponent sol\u00b7licitud telem\u00e0ticament a la seu electr\u00f2nica de l\u2019Ajuntament de Nules fins al 8 de maig.<\/p>\n\n\n\n<p>Per la seua part, el regidor de Personal, Adri\u00e1n Sorribes Herr\u00e1iz, ha posat l\u2019accent en la renovaci\u00f3 d\u2019aquest tipus d\u2019eines d\u2019ocupaci\u00f3 p\u00fablica, \u201cera necessari actualitzar borses m\u00e9s antigues i adaptar-les a la realitat actual. A m\u00e9s, aquest tipus de processos permeten que persones que s\u2019han incorporat recentment al mercat laboral puguen tindre una primera oportunitat de treball, encara que siga a trav\u00e9s de substitucions temporals\u201d.<\/p>\n\n\n\n<p>Sorribes ha afegit que \u201cdes de l\u2019Ajuntament continuem apostant per processos transparents i oberts, basats en els principis d\u2019igualtat, m\u00e8rit i capacitat, que faciliten l\u2019acc\u00e9s a l\u2019ocupaci\u00f3 p\u00fablica en condicions justes\u201d.<\/p>\n","protected":false},"excerpt":{"rendered":"<p>Les persones interessades poden presentar la corresponent sol\u00b7licitud fins el 8 de maig L\u2019Ajuntament de Nules ha iniciat el proc\u00e9s per a la creaci\u00f3 d\u2019una nova borsa de treball destinada a cobrir substitucions temporals de peons en la brigada d\u2019obres i serveis, amb l\u2019objectiu de garantir el correcte funcionament dels serveis municipals. Aquesta convocat\u00f2ria respon &#8230; <a title=\"Nules obri una borsa de treball per a la brigada d&#8217;obres i serveis\" class=\"read-more\" href=\"https:\/\/elcafedepipa.com\/index.php\/2026\/04\/24\/nules-obri-una-borsa-de-treball-per-a-la-brigada-dobres-i-serveis\/\" aria-label=\"M\u00e9s informaci\u00f3 sobre Nules obri una borsa de treball per a la brigada d&#8217;obres i serveis\">Read more<\/a><\/p>\n","protected":false},"author":2,"featured_media":23982,"comment_status":"closed","ping_status":"closed","sticky":false,"template":"","format":"standard","meta":{"om_disable_all_campaigns":false,"_monsterinsights_skip_tracking":false,"_monsterinsights_sitenote_active":false,"_monsterinsights_sitenote_note":"","_monsterinsights_sitenote_category":0,"_uf_show_specific_survey":0,"_uf_disable_surveys":false,"footnotes":""},"categories":[3],"tags":[],"class_list":["post-23981","post","type-post","status-publish","format-standard","has-post-thumbnail","hentry","category-nules"],"_links":{"self":[{"href":"https:\/\/elcafedepipa.com\/index.php\/wp-json\/wp\/v2\/posts\/23981","targetHints":{"allow":["GET"]}}],"collection":[{"href":"https:\/\/elcafedepipa.com\/index.php\/wp-json\/wp\/v2\/posts"}],"about":[{"href":"https:\/\/elcafedepipa.com\/index.php\/wp-json\/wp\/v2\/types\/post"}],"author":[{"embeddable":true,"href":"https:\/\/elcafedepipa.com\/index.php\/wp-json\/wp\/v2\/users\/2"}],"replies":[{"embeddable":true,"href":"https:\/\/elcafedepipa.com\/index.php\/wp-json\/wp\/v2\/comments?post=23981"}],"version-history":[{"count":1,"href":"https:\/\/elcafedepipa.com\/index.php\/wp-json\/wp\/v2\/posts\/23981\/revisions"}],"predecessor-version":[{"id":23983,"href":"https:\/\/elcafedepipa.com\/index.php\/wp-json\/wp\/v2\/posts\/23981\/revisions\/23983"}],"wp:featuredmedia":[{"embeddable":true,"href":"https:\/\/elcafedepipa.com\/index.php\/wp-json\/wp\/v2\/media\/23982"}],"wp:attachment":[{"href":"https:\/\/elcafedepipa.com\/index.php\/wp-json\/wp\/v2\/media?parent=23981"}],"wp:term":[{"taxonomy":"category","embeddable":true,"href":"https:\/\/elcafedepipa.com\/index.php\/wp-json\/wp\/v2\/categories?post=23981"},{"taxonomy":"post_tag","embeddable":true,"href":"https:\/\/elcafedepipa.com\/index.php\/wp-json\/wp\/v2\/tags?post=23981"}],"curies":[{"name":"wp","href":"https:\/\/api.w.org\/{rel}","templated":true}]}}