{"id":2398,"date":"2024-06-27T13:34:21","date_gmt":"2024-06-27T11:34:21","guid":{"rendered":"https:\/\/elcafedepipa.com\/?p=2398"},"modified":"2024-06-27T13:34:22","modified_gmt":"2024-06-27T11:34:22","slug":"lassociacio-de-jubilats-i-pensionistes-belcaire-embelleix-moncofa","status":"publish","type":"post","link":"https:\/\/elcafedepipa.com\/index.php\/2024\/06\/27\/lassociacio-de-jubilats-i-pensionistes-belcaire-embelleix-moncofa\/","title":{"rendered":"L&#8217;Associaci\u00f3 de Jubilats i Pensionistes\u00a0Belcaire\u00a0embelleix Moncofa"},"content":{"rendered":"\n<p>L\u2019Associaci\u00f3 de Jubilats i Pensionistes Belcaire juntament amb les professores de catifes Gloria i Amparo, varen tindre la idea d\u2019engalanar amb tapissos, fanalets, figures i arcs el carrer Santa B\u00e0rbara, un carrer xicotet i c\u00e8ntric que fa que siga m\u00e9s atractiu al nostre poble.<\/p>\n\n\n\n<p>Amb aquesta activitat s\u2019ha donat a con\u00e9ixer tot el treball que s\u2019ha estat <a><\/a>fent durant mesos, es tracta d\u2019un treball de ganxet molt labori\u00f3s i que exigix molta paci\u00e8ncia, i s\u2019ha recuperat gr\u00e0cies a tot el grup de dones que ho han fet possible.<\/p>\n\n\n\n<p>M\u00aa Teresa Alemany, regidora de majors, destaca \u201dla gran labor que fan durant tot l\u2019any esta associaci\u00f3 tan activa i espere que siga el primer carrer de molts m\u00e9s\u201d.<\/p>\n","protected":false},"excerpt":{"rendered":"<p>L\u2019Associaci\u00f3 de Jubilats i Pensionistes Belcaire juntament amb les professores de catifes Gloria i Amparo, varen tindre la idea d\u2019engalanar amb tapissos, fanalets, figures i arcs el carrer Santa B\u00e0rbara, un carrer xicotet i c\u00e8ntric que fa que siga m\u00e9s atractiu al nostre poble. Amb aquesta activitat s\u2019ha donat a con\u00e9ixer tot el treball que &#8230; <a title=\"L&#8217;Associaci\u00f3 de Jubilats i Pensionistes\u00a0Belcaire\u00a0embelleix Moncofa\" class=\"read-more\" href=\"https:\/\/elcafedepipa.com\/index.php\/2024\/06\/27\/lassociacio-de-jubilats-i-pensionistes-belcaire-embelleix-moncofa\/\" aria-label=\"M\u00e9s informaci\u00f3 sobre L&#8217;Associaci\u00f3 de Jubilats i Pensionistes\u00a0Belcaire\u00a0embelleix Moncofa\">Read more<\/a><\/p>\n","protected":false},"author":2,"featured_media":0,"comment_status":"closed","ping_status":"closed","sticky":false,"template":"","format":"standard","meta":{"om_disable_all_campaigns":false,"_monsterinsights_skip_tracking":false,"_monsterinsights_sitenote_active":false,"_monsterinsights_sitenote_note":"","_monsterinsights_sitenote_category":0,"_uf_show_specific_survey":0,"_uf_disable_surveys":false,"footnotes":""},"categories":[4],"tags":[],"class_list":["post-2398","post","type-post","status-publish","format-standard","hentry","category-moncofa"],"_links":{"self":[{"href":"https:\/\/elcafedepipa.com\/index.php\/wp-json\/wp\/v2\/posts\/2398","targetHints":{"allow":["GET"]}}],"collection":[{"href":"https:\/\/elcafedepipa.com\/index.php\/wp-json\/wp\/v2\/posts"}],"about":[{"href":"https:\/\/elcafedepipa.com\/index.php\/wp-json\/wp\/v2\/types\/post"}],"author":[{"embeddable":true,"href":"https:\/\/elcafedepipa.com\/index.php\/wp-json\/wp\/v2\/users\/2"}],"replies":[{"embeddable":true,"href":"https:\/\/elcafedepipa.com\/index.php\/wp-json\/wp\/v2\/comments?post=2398"}],"version-history":[{"count":0,"href":"https:\/\/elcafedepipa.com\/index.php\/wp-json\/wp\/v2\/posts\/2398\/revisions"}],"wp:attachment":[{"href":"https:\/\/elcafedepipa.com\/index.php\/wp-json\/wp\/v2\/media?parent=2398"}],"wp:term":[{"taxonomy":"category","embeddable":true,"href":"https:\/\/elcafedepipa.com\/index.php\/wp-json\/wp\/v2\/categories?post=2398"},{"taxonomy":"post_tag","embeddable":true,"href":"https:\/\/elcafedepipa.com\/index.php\/wp-json\/wp\/v2\/tags?post=2398"}],"curies":[{"name":"wp","href":"https:\/\/api.w.org\/{rel}","templated":true}]}}