{"id":2395,"date":"2024-06-27T13:28:23","date_gmt":"2024-06-27T11:28:23","guid":{"rendered":"https:\/\/elcafedepipa.com\/?p=2395"},"modified":"2024-06-27T13:28:25","modified_gmt":"2024-06-27T11:28:25","slug":"lajuntament-de-la-vall-duixo-reobri-el-quiosc-cafeteria-de-la-pista-de-ball-de-sant-josep-la-setmana-vinent","status":"publish","type":"post","link":"https:\/\/elcafedepipa.com\/index.php\/2024\/06\/27\/lajuntament-de-la-vall-duixo-reobri-el-quiosc-cafeteria-de-la-pista-de-ball-de-sant-josep-la-setmana-vinent\/","title":{"rendered":"L&#8217;Ajuntament de la Vall d\u2019Uix\u00f3 reobri el quiosc-cafeteria de la pista de ball de Sant Josep la setmana vinent"},"content":{"rendered":"\n<p style=\"font-size:24px\"><strong>Tania Ba\u00f1os destaca la import\u00e0ncia de recuperar aquest servei p\u00fablic amb una gesti\u00f3 renovada i plans per dinamitzar la zona<\/strong><\/p>\n\n\n\n<p>La reobertura del quiosc-cafeteria de la pista de ball \u00e9s \u201cel s\u00edmbol d&#8217;una nova etapa\u201d per al Paratge de Sant Josep, segons ha destacat l&#8217;alcaldessa de la Vall d&#8217;Uix\u00f3, Tania Ba\u00f1os. La primera setmana de juliol, aquestes instal\u00b7lacions tornaran a oferir servei de begudes, gelats i caf\u00e9, amb una imatge renovada i fresca.<\/p>\n\n\n\n<p>Ba\u00f1os ha explicat que s&#8217;estan ultimant els detalls per a prestar un servei p\u00fablic on no arriba el sector privat, especialment en horaris de vesprada i nit quan hi ha activitats com els balls d&#8217;estiu, Singin&#8217; in the cave, espeleokayak, Estiu Esportiu o concerts puntuals.<\/p>\n\n\n\n<p>La recuperaci\u00f3 d&#8217;aquest servei era una petici\u00f3 dels participants en aquestes activitats. A m\u00e9s, es vol que el quiosc-cafeteria \u201ctorne a ser un punt de trobada per als vallers i valleres, on prendre alguna cosa en un entorn natural, segur i amb zones de joc per a xiquets i xiquetes\u201d, dinamitzant aix\u00ed el paratge.<\/p>\n\n\n\n<p>L&#8217;alcaldessa ha remarcat que ha sigut \u201cuna setmana d&#8217;alegries, perqu\u00e8 la Vall ha patit molt per la privatitzaci\u00f3 de la piscina, cafeteria i restaurant de Sant Josep\u201d. Davant d&#8217;aquesta situaci\u00f3, \u201chem presentat solucions, amb el projecte del parc aqu\u00e0tic i la reobertura d&#8217;aquest quiosc\u201d. Per a \u201cevitar caure en errors del passat que van acabar en el tancament\u201d, la gesti\u00f3 en aquesta nova etapa ser\u00e0 totalment p\u00fablica.<\/p>\n\n\n\n<p>\u201cPodem desenvolupar un projecte tan ambici\u00f3s gr\u00e0cies a la bona gesti\u00f3, que ha aconseguit que les Coves de Sant Josep tinguen beneficis\u201d, ha afegit. En 2015, el balan\u00e7 d&#8217;ingressos i despeses de l&#8217;empresa p\u00fablica era zero, mentre que l&#8217;any passat \u201cvam tindre mig mili\u00f3 de beneficis, despr\u00e9s d&#8217;un proc\u00e9s de professionalitzaci\u00f3 i modernitzaci\u00f3\u201d. Aquest saldo positiu es destinar\u00e0 ara a la construcci\u00f3 del nou parc aqu\u00e0tic, que \u201cno \u00e9s una utopia, sin\u00f3 un full de ruta marcat i real\u201d.<\/p>\n","protected":false},"excerpt":{"rendered":"<p>Tania Ba\u00f1os destaca la import\u00e0ncia de recuperar aquest servei p\u00fablic amb una gesti\u00f3 renovada i plans per dinamitzar la zona La reobertura del quiosc-cafeteria de la pista de ball \u00e9s \u201cel s\u00edmbol d&#8217;una nova etapa\u201d per al Paratge de Sant Josep, segons ha destacat l&#8217;alcaldessa de la Vall d&#8217;Uix\u00f3, Tania Ba\u00f1os. La primera setmana de &#8230; <a title=\"L&#8217;Ajuntament de la Vall d\u2019Uix\u00f3 reobri el quiosc-cafeteria de la pista de ball de Sant Josep la setmana vinent\" class=\"read-more\" href=\"https:\/\/elcafedepipa.com\/index.php\/2024\/06\/27\/lajuntament-de-la-vall-duixo-reobri-el-quiosc-cafeteria-de-la-pista-de-ball-de-sant-josep-la-setmana-vinent\/\" aria-label=\"M\u00e9s informaci\u00f3 sobre L&#8217;Ajuntament de la Vall d\u2019Uix\u00f3 reobri el quiosc-cafeteria de la pista de ball de Sant Josep la setmana vinent\">Read more<\/a><\/p>\n","protected":false},"author":2,"featured_media":0,"comment_status":"closed","ping_status":"closed","sticky":false,"template":"","format":"standard","meta":{"om_disable_all_campaigns":false,"_monsterinsights_skip_tracking":false,"_monsterinsights_sitenote_active":false,"_monsterinsights_sitenote_note":"","_monsterinsights_sitenote_category":0,"_uf_show_specific_survey":0,"_uf_disable_surveys":false,"footnotes":""},"categories":[2],"tags":[],"class_list":["post-2395","post","type-post","status-publish","format-standard","hentry","category-lavallduixo"],"_links":{"self":[{"href":"https:\/\/elcafedepipa.com\/index.php\/wp-json\/wp\/v2\/posts\/2395","targetHints":{"allow":["GET"]}}],"collection":[{"href":"https:\/\/elcafedepipa.com\/index.php\/wp-json\/wp\/v2\/posts"}],"about":[{"href":"https:\/\/elcafedepipa.com\/index.php\/wp-json\/wp\/v2\/types\/post"}],"author":[{"embeddable":true,"href":"https:\/\/elcafedepipa.com\/index.php\/wp-json\/wp\/v2\/users\/2"}],"replies":[{"embeddable":true,"href":"https:\/\/elcafedepipa.com\/index.php\/wp-json\/wp\/v2\/comments?post=2395"}],"version-history":[{"count":0,"href":"https:\/\/elcafedepipa.com\/index.php\/wp-json\/wp\/v2\/posts\/2395\/revisions"}],"wp:attachment":[{"href":"https:\/\/elcafedepipa.com\/index.php\/wp-json\/wp\/v2\/media?parent=2395"}],"wp:term":[{"taxonomy":"category","embeddable":true,"href":"https:\/\/elcafedepipa.com\/index.php\/wp-json\/wp\/v2\/categories?post=2395"},{"taxonomy":"post_tag","embeddable":true,"href":"https:\/\/elcafedepipa.com\/index.php\/wp-json\/wp\/v2\/tags?post=2395"}],"curies":[{"name":"wp","href":"https:\/\/api.w.org\/{rel}","templated":true}]}}