{"id":23937,"date":"2026-04-26T12:26:00","date_gmt":"2026-04-26T10:26:00","guid":{"rendered":"https:\/\/elcafedepipa.com\/?p=23937"},"modified":"2026-04-24T08:28:01","modified_gmt":"2026-04-24T06:28:01","slug":"el-pspv-psoe-de-castello-denuncia-el-bloqueig-inadmissible-del-consell-a-430-joves-del-camp-per-no-resoldre-les-ajudes-dincorporacio","status":"publish","type":"post","link":"https:\/\/elcafedepipa.com\/index.php\/2026\/04\/26\/el-pspv-psoe-de-castello-denuncia-el-bloqueig-inadmissible-del-consell-a-430-joves-del-camp-per-no-resoldre-les-ajudes-dincorporacio\/","title":{"rendered":"El PSPV-PSOE de Castell\u00f3 denuncia el \u201cbloqueig inadmissible\u201d del Consell a 430 joves del camp per no resoldre les ajudes d\u2019incorporaci\u00f3"},"content":{"rendered":"\n<p>El PSPV-PSOE de Castell\u00f3 ha denunciat el retard \u201cinjustificable\u201d del Consell del PP en la resoluci\u00f3 de les ajudes a la primera instal\u00b7laci\u00f3 de joves agricultors i ramaders, una situaci\u00f3 que mant\u00e9 bloquejats 430 joves a la Comunitat Valenciana, molts d\u2019ells de la prov\u00edncia de Castell\u00f3.<\/p>\n\n\n\n<p>El diputat provincial Vicent Aparisi ha qualificat la situaci\u00f3 de \u201cgreu i irresponsable\u201d i ha advertit que este retard est\u00e0 tenint conseq\u00fc\u00e8ncies directes: \u201chi ha joves que no poden tramitar la PAC, ni formalitzar contractes, ni continuar amb els seus projectes de vida. El Consell els ha deixat totalment bloquejats\u201d.<\/p>\n\n\n\n<p>A m\u00e9s a m\u00e9s, el socialista ha criticat la falta de planificaci\u00f3 del govern auton\u00f2mic: \u201cens venen una gran convocat\u00f2ria com a soluci\u00f3, per\u00f2 probablement ser\u00e0 l\u2019\u00fanica de tota la legislatura. El problema no \u00e9s nom\u00e9s la quantitat, \u00e9s la falta de continu\u00eftat i credibilitat\u201d.<\/p>\n\n\n\n<p>En este sentit, ha recordat que \u201caltres territoris com Arag\u00f3 o Catalunya ja han resolt diverses convocat\u00f2ries en este mateix per\u00edode, mentre ac\u00ed anem tard i mal\u201d, i ha subratllat que \u201cdurant el govern del Bot\u00e0nic es va demostrar que s\u00ed es podia, amb tres convocat\u00f2ries resoltes en una legislatura\u201d.<\/p>\n\n\n\n<p>Finalment, Aparisi ha afirmat que \u201cno es pot parlar de relleu generacional mentre es deixa tirats a centenars de joves. El sector primari no necessita anuncis, necessita resolucions, planificaci\u00f3 i comprom\u00eds real.<\/p>\n","protected":false},"excerpt":{"rendered":"<p>El PSPV-PSOE de Castell\u00f3 ha denunciat el retard \u201cinjustificable\u201d del Consell del PP en la resoluci\u00f3 de les ajudes a la primera instal\u00b7laci\u00f3 de joves agricultors i ramaders, una situaci\u00f3 que mant\u00e9 bloquejats 430 joves a la Comunitat Valenciana, molts d\u2019ells de la prov\u00edncia de Castell\u00f3. El diputat provincial Vicent Aparisi ha qualificat la situaci\u00f3 &#8230; <a title=\"El PSPV-PSOE de Castell\u00f3 denuncia el \u201cbloqueig inadmissible\u201d del Consell a 430 joves del camp per no resoldre les ajudes d\u2019incorporaci\u00f3\" class=\"read-more\" href=\"https:\/\/elcafedepipa.com\/index.php\/2026\/04\/26\/el-pspv-psoe-de-castello-denuncia-el-bloqueig-inadmissible-del-consell-a-430-joves-del-camp-per-no-resoldre-les-ajudes-dincorporacio\/\" aria-label=\"M\u00e9s informaci\u00f3 sobre El PSPV-PSOE de Castell\u00f3 denuncia el \u201cbloqueig inadmissible\u201d del Consell a 430 joves del camp per no resoldre les ajudes d\u2019incorporaci\u00f3\">Read more<\/a><\/p>\n","protected":false},"author":2,"featured_media":23938,"comment_status":"closed","ping_status":"closed","sticky":false,"template":"","format":"standard","meta":{"om_disable_all_campaigns":false,"_monsterinsights_skip_tracking":false,"_monsterinsights_sitenote_active":false,"_monsterinsights_sitenote_note":"","_monsterinsights_sitenote_category":0,"_uf_show_specific_survey":0,"_uf_disable_surveys":false,"footnotes":""},"categories":[10],"tags":[],"class_list":["post-23937","post","type-post","status-publish","format-standard","has-post-thumbnail","hentry","category-provinciadecastello"],"_links":{"self":[{"href":"https:\/\/elcafedepipa.com\/index.php\/wp-json\/wp\/v2\/posts\/23937","targetHints":{"allow":["GET"]}}],"collection":[{"href":"https:\/\/elcafedepipa.com\/index.php\/wp-json\/wp\/v2\/posts"}],"about":[{"href":"https:\/\/elcafedepipa.com\/index.php\/wp-json\/wp\/v2\/types\/post"}],"author":[{"embeddable":true,"href":"https:\/\/elcafedepipa.com\/index.php\/wp-json\/wp\/v2\/users\/2"}],"replies":[{"embeddable":true,"href":"https:\/\/elcafedepipa.com\/index.php\/wp-json\/wp\/v2\/comments?post=23937"}],"version-history":[{"count":1,"href":"https:\/\/elcafedepipa.com\/index.php\/wp-json\/wp\/v2\/posts\/23937\/revisions"}],"predecessor-version":[{"id":23939,"href":"https:\/\/elcafedepipa.com\/index.php\/wp-json\/wp\/v2\/posts\/23937\/revisions\/23939"}],"wp:featuredmedia":[{"embeddable":true,"href":"https:\/\/elcafedepipa.com\/index.php\/wp-json\/wp\/v2\/media\/23938"}],"wp:attachment":[{"href":"https:\/\/elcafedepipa.com\/index.php\/wp-json\/wp\/v2\/media?parent=23937"}],"wp:term":[{"taxonomy":"category","embeddable":true,"href":"https:\/\/elcafedepipa.com\/index.php\/wp-json\/wp\/v2\/categories?post=23937"},{"taxonomy":"post_tag","embeddable":true,"href":"https:\/\/elcafedepipa.com\/index.php\/wp-json\/wp\/v2\/tags?post=23937"}],"curies":[{"name":"wp","href":"https:\/\/api.w.org\/{rel}","templated":true}]}}