{"id":23934,"date":"2026-04-26T10:25:00","date_gmt":"2026-04-26T08:25:00","guid":{"rendered":"https:\/\/elcafedepipa.com\/?p=23934"},"modified":"2026-04-24T08:26:46","modified_gmt":"2026-04-24T06:26:46","slug":"lalcaldessa-dalmenara-estibaliz-perez-navarro-convoca-una-mocio-de-confianca-per-a-aprovar-el-pressupost-municipal-de-2026","status":"publish","type":"post","link":"https:\/\/elcafedepipa.com\/index.php\/2026\/04\/26\/lalcaldessa-dalmenara-estibaliz-perez-navarro-convoca-una-mocio-de-confianca-per-a-aprovar-el-pressupost-municipal-de-2026\/","title":{"rendered":"L&#8217;alcaldessa d&#8217;Almenara, Est\u00edbaliz P\u00e9rez Navarro, convoca una moci\u00f3 de confian\u00e7a per a aprovar el pressupost municipal de 2026"},"content":{"rendered":"\n<p>El ple municipal ha rebutjat aquesta vesprada la proposta de pressupostos municipals presentada per l&#8217;equip de govern del PSPV d&#8217;Almenara per a aquest any 2026. Davant el vot contrari als comptes per part dels grups de l&#8217;oposici\u00f3 (Comprom\u00eds i PP), l&#8217;alcaldessa d&#8217;Almenara, Est\u00edbaliz P\u00e9rez Navarro, ha anunciat la convocat\u00f2ria d&#8217;un ple extraordinari per a dimecres que ve, 29 d&#8217;abril. En aquesta sessi\u00f3 es debatr\u00e0 una moci\u00f3 de confian\u00e7a vinculada a l&#8217;aprovaci\u00f3 dels comptes.<\/p>\n\n\n\n<p>Aquest mecanisme legal permet establir una eina dissenyada espec\u00edficament per a evitar la par\u00e0lisi institucional dels ajuntaments. Tal com estableix la normativa vigent, la legislaci\u00f3 atorga a l&#8217;alcaldia la potestat de vincular l&#8217;aprovaci\u00f3 pressupost\u00e0ria a una q\u00fcesti\u00f3 de confian\u00e7a per a assegurar la governabilitat. El mecanisme, utilitzat en altres localitats, figura en l&#8217;article 197 bis de la Llei org\u00e0nica 5\/1985, de 19 de juny, del R\u00e8gim Electoral General (LOREG).<\/p>\n\n\n\n<p>En cas que la moci\u00f3 de confian\u00e7a a la qual se sotmetr\u00e0 l&#8217;alcaldessa no obtinga el suport majoritari del ple, els grups de l&#8217;oposici\u00f3 disposaran d&#8217;un termini d&#8217;un mes per a presentar una moci\u00f3 de censura amb un candidat o candidata a alcalde o alcaldessa.<\/p>\n\n\n\n<p>Si finalitzat aquest termini d&#8217;un mes no es presenta la moci\u00f3 de censura o no prospera aquesta moci\u00f3 en sessi\u00f3 plen\u00e0ria, el pressupost quedar\u00e0 aprovat autom\u00e0ticament de manera definitiva (despr\u00e9s de passar pel termini d&#8217;exposici\u00f3 p\u00fablica corresponent).<\/p>\n","protected":false},"excerpt":{"rendered":"<p>El ple municipal ha rebutjat aquesta vesprada la proposta de pressupostos municipals presentada per l&#8217;equip de govern del PSPV d&#8217;Almenara per a aquest any 2026. Davant el vot contrari als comptes per part dels grups de l&#8217;oposici\u00f3 (Comprom\u00eds i PP), l&#8217;alcaldessa d&#8217;Almenara, Est\u00edbaliz P\u00e9rez Navarro, ha anunciat la convocat\u00f2ria d&#8217;un ple extraordinari per a dimecres &#8230; <a title=\"L&#8217;alcaldessa d&#8217;Almenara, Est\u00edbaliz P\u00e9rez Navarro, convoca una moci\u00f3 de confian\u00e7a per a aprovar el pressupost municipal de 2026\" class=\"read-more\" href=\"https:\/\/elcafedepipa.com\/index.php\/2026\/04\/26\/lalcaldessa-dalmenara-estibaliz-perez-navarro-convoca-una-mocio-de-confianca-per-a-aprovar-el-pressupost-municipal-de-2026\/\" aria-label=\"M\u00e9s informaci\u00f3 sobre L&#8217;alcaldessa d&#8217;Almenara, Est\u00edbaliz P\u00e9rez Navarro, convoca una moci\u00f3 de confian\u00e7a per a aprovar el pressupost municipal de 2026\">Read more<\/a><\/p>\n","protected":false},"author":2,"featured_media":23935,"comment_status":"closed","ping_status":"closed","sticky":false,"template":"","format":"standard","meta":{"om_disable_all_campaigns":false,"_monsterinsights_skip_tracking":false,"_monsterinsights_sitenote_active":false,"_monsterinsights_sitenote_note":"","_monsterinsights_sitenote_category":0,"_uf_show_specific_survey":0,"_uf_disable_surveys":false,"footnotes":""},"categories":[5],"tags":[],"class_list":["post-23934","post","type-post","status-publish","format-standard","has-post-thumbnail","hentry","category-almenara"],"_links":{"self":[{"href":"https:\/\/elcafedepipa.com\/index.php\/wp-json\/wp\/v2\/posts\/23934","targetHints":{"allow":["GET"]}}],"collection":[{"href":"https:\/\/elcafedepipa.com\/index.php\/wp-json\/wp\/v2\/posts"}],"about":[{"href":"https:\/\/elcafedepipa.com\/index.php\/wp-json\/wp\/v2\/types\/post"}],"author":[{"embeddable":true,"href":"https:\/\/elcafedepipa.com\/index.php\/wp-json\/wp\/v2\/users\/2"}],"replies":[{"embeddable":true,"href":"https:\/\/elcafedepipa.com\/index.php\/wp-json\/wp\/v2\/comments?post=23934"}],"version-history":[{"count":1,"href":"https:\/\/elcafedepipa.com\/index.php\/wp-json\/wp\/v2\/posts\/23934\/revisions"}],"predecessor-version":[{"id":23936,"href":"https:\/\/elcafedepipa.com\/index.php\/wp-json\/wp\/v2\/posts\/23934\/revisions\/23936"}],"wp:featuredmedia":[{"embeddable":true,"href":"https:\/\/elcafedepipa.com\/index.php\/wp-json\/wp\/v2\/media\/23935"}],"wp:attachment":[{"href":"https:\/\/elcafedepipa.com\/index.php\/wp-json\/wp\/v2\/media?parent=23934"}],"wp:term":[{"taxonomy":"category","embeddable":true,"href":"https:\/\/elcafedepipa.com\/index.php\/wp-json\/wp\/v2\/categories?post=23934"},{"taxonomy":"post_tag","embeddable":true,"href":"https:\/\/elcafedepipa.com\/index.php\/wp-json\/wp\/v2\/tags?post=23934"}],"curies":[{"name":"wp","href":"https:\/\/api.w.org\/{rel}","templated":true}]}}