{"id":23589,"date":"2026-04-14T13:31:34","date_gmt":"2026-04-14T11:31:34","guid":{"rendered":"https:\/\/elcafedepipa.com\/?p=23589"},"modified":"2026-04-14T13:31:46","modified_gmt":"2026-04-14T11:31:46","slug":"moncofa-inicia-una-campanya-preventiva-en-la-xarxa-de-clavegueram-municipal","status":"publish","type":"post","link":"https:\/\/elcafedepipa.com\/index.php\/2026\/04\/14\/moncofa-inicia-una-campanya-preventiva-en-la-xarxa-de-clavegueram-municipal\/","title":{"rendered":"Moncofa inicia una campanya preventiva en la xarxa de clavegueram municipal"},"content":{"rendered":"\n<p class=\"wp-block-paragraph\">\u00b7 L\u2019Ajuntament i Facsa activen un pla dividit en dos fases per a actuar de forma anticipada i refor\u00e7ar el control de proliferacions abans del per\u00edode estival<\/p>\n\n\n\n<p class=\"wp-block-paragraph\">L&#8217;Ajuntament de Moncofa i Facsa han completat aquesta setmana la campanya de tractaments preventius en la xarxa de sanejament, desenvolupada entre el 13 i el 16 d&#8217;abril. Els treballs tenen com a objectiu principal el control de plagues especialment<\/p>\n\n\n\n<p class=\"wp-block-paragraph\">panderoles i rosegadors\u2014 davant l&#8217;arribada de la primavera i el progressiu augment de les temperatures.<\/p>\n\n\n\n<p class=\"wp-block-paragraph\">Les actuacions s&#8217;han estructurat en dos fases: una primera intervenci\u00f3 centrada en els punts m\u00e9s cr\u00edtics i una segona, prevista per als mesos d&#8217;estiu, que abastar\u00e0 el conjunt de la xarxa.<\/p>\n\n\n\n<p class=\"wp-block-paragraph\">D&#8217;aquesta manera, el servei refor\u00e7a la vigil\u00e0ncia en les zones m\u00e9s sensibles del clavegueram, on s&#8217;actua de manera recurrent per a garantir una major efic\u00e0cia en el control de plagues.<\/p>\n\n\n\n<p class=\"wp-block-paragraph\">Tal com assenyalen des del consistori i la companyia operadora, els biocides emprats compten amb l&#8217;homologaci\u00f3 corresponent i compleixen la normativa vigent, garantint tant la seguretat ciutadana com la protecci\u00f3 de l&#8217;entorn.<\/p>\n\n\n\n<p class=\"wp-block-paragraph\">Les actuacions reafirmen el comprom\u00eds de l&#8217;Ajuntament de Moncofa amb la salut p\u00fablica i el manteniment correcte de les infraestructures hidr\u00e0uliques.<\/p>\n","protected":false},"excerpt":{"rendered":"<p>\u00b7 L\u2019Ajuntament i Facsa activen un pla dividit en dos fases per a actuar de forma anticipada i refor\u00e7ar el control de proliferacions abans del per\u00edode estival L&#8217;Ajuntament de Moncofa i Facsa han completat aquesta setmana la campanya de tractaments preventius en la xarxa de sanejament, desenvolupada entre el 13 i el 16 d&#8217;abril. Els &#8230; <a title=\"Moncofa inicia una campanya preventiva en la xarxa de clavegueram municipal\" class=\"read-more\" href=\"https:\/\/elcafedepipa.com\/index.php\/2026\/04\/14\/moncofa-inicia-una-campanya-preventiva-en-la-xarxa-de-clavegueram-municipal\/\" aria-label=\"M\u00e9s informaci\u00f3 sobre Moncofa inicia una campanya preventiva en la xarxa de clavegueram municipal\">Read more<\/a><\/p>\n","protected":false},"author":2,"featured_media":23590,"comment_status":"closed","ping_status":"closed","sticky":false,"template":"","format":"standard","meta":{"om_disable_all_campaigns":false,"_monsterinsights_skip_tracking":false,"_uf_show_specific_survey":0,"_uf_disable_surveys":false,"slim_seo":{"title":"Moncofa inicia una campanya preventiva en la xarxa de clavegueram municipal - El caf\u00e9 de Pipa","description":"\u00b7 L\u2019Ajuntament i Facsa activen un pla dividit en dos fases per a actuar de forma anticipada i refor\u00e7ar el control de proliferacions abans del per\u00edode estival L'"},"footnotes":""},"categories":[4],"tags":[],"ppma_author":[74],"class_list":["post-23589","post","type-post","status-publish","format-standard","has-post-thumbnail","hentry","category-moncofa"],"distributor_meta":false,"distributor_terms":false,"distributor_media":false,"distributor_original_site_name":"El caf\u00e9 de Pipa","distributor_original_site_url":"https:\/\/elcafedepipa.com","push-errors":false,"authors":[{"term_id":74,"user_id":2,"is_guest":0,"slug":"radiolavallduixo","display_name":"Vicent Arnau Forner","avatar_url":"https:\/\/secure.gravatar.com\/avatar\/26a27d13d194fc3b4d2a7a933a63466fa1af911ef6eac8a107691f6aeb82d442?s=96&d=mm&r=g","author_category":"","first_name":"ecdp","last_name":"","user_url":"http:\/\/www.elcafedepipa.com","job_title":"","description":""}],"_links":{"self":[{"href":"https:\/\/elcafedepipa.com\/index.php\/wp-json\/wp\/v2\/posts\/23589","targetHints":{"allow":["GET"]}}],"collection":[{"href":"https:\/\/elcafedepipa.com\/index.php\/wp-json\/wp\/v2\/posts"}],"about":[{"href":"https:\/\/elcafedepipa.com\/index.php\/wp-json\/wp\/v2\/types\/post"}],"author":[{"embeddable":true,"href":"https:\/\/elcafedepipa.com\/index.php\/wp-json\/wp\/v2\/users\/2"}],"replies":[{"embeddable":true,"href":"https:\/\/elcafedepipa.com\/index.php\/wp-json\/wp\/v2\/comments?post=23589"}],"version-history":[{"count":1,"href":"https:\/\/elcafedepipa.com\/index.php\/wp-json\/wp\/v2\/posts\/23589\/revisions"}],"predecessor-version":[{"id":23591,"href":"https:\/\/elcafedepipa.com\/index.php\/wp-json\/wp\/v2\/posts\/23589\/revisions\/23591"}],"wp:featuredmedia":[{"embeddable":true,"href":"https:\/\/elcafedepipa.com\/index.php\/wp-json\/wp\/v2\/media\/23590"}],"wp:attachment":[{"href":"https:\/\/elcafedepipa.com\/index.php\/wp-json\/wp\/v2\/media?parent=23589"}],"wp:term":[{"taxonomy":"category","embeddable":true,"href":"https:\/\/elcafedepipa.com\/index.php\/wp-json\/wp\/v2\/categories?post=23589"},{"taxonomy":"post_tag","embeddable":true,"href":"https:\/\/elcafedepipa.com\/index.php\/wp-json\/wp\/v2\/tags?post=23589"},{"taxonomy":"author","embeddable":true,"href":"https:\/\/elcafedepipa.com\/index.php\/wp-json\/wp\/v2\/ppma_author?post=23589"}],"curies":[{"name":"wp","href":"https:\/\/api.w.org\/{rel}","templated":true}]}}