{"id":23472,"date":"2026-04-11T10:00:00","date_gmt":"2026-04-11T08:00:00","guid":{"rendered":"https:\/\/elcafedepipa.com\/?p=23472"},"modified":"2026-04-09T10:44:38","modified_gmt":"2026-04-09T08:44:38","slug":"la-unio-agrupa-ja-mes-de-60-finques-amb-una-superficie-de-superior-als-200-000-metres-quadrats-en-el-projecte-logistics-a-castello","status":"publish","type":"post","link":"https:\/\/elcafedepipa.com\/index.php\/2026\/04\/11\/la-unio-agrupa-ja-mes-de-60-finques-amb-una-superficie-de-superior-als-200-000-metres-quadrats-en-el-projecte-logistics-a-castello\/","title":{"rendered":"LA UNI\u00d3 agrupa ja m\u00e9s de 60 finques amb una superf\u00edcie de superior als 200.000 metres quadrats en el projecte LogistiCs a Castell\u00f3"},"content":{"rendered":"\n<p class=\"wp-block-paragraph\">La Uni\u00f3 Llauradora i Ramadera, en coordinaci\u00f3 amb el despatx d&#8217;advocats De Juan &amp; Olavarrieta, ha consolidat un ampli col\u00b7lectiu de propietaris afectats pel projecte LogistiCs a Castell\u00f3 i que suma ja m\u00e9s de 60 finques amb una superf\u00edcie total superior als 220.000 m\u00b2.<\/p>\n\n\n\n<p class=\"wp-block-paragraph\">Aquest col\u00b7lectiu que aglutina LA UNI\u00d3 s&#8217;ha organitzat per a defensar amb fermesa els drets dels llauradors i propietaris davant qualsevol proposta o procediment que puga depreciar el valor real de les terres. Tant en un escenari de compravenda com en un eventual proc\u00e9s d&#8217;expropiaci\u00f3, La Uni\u00f3 Llauradora exercir\u00e0 totes les accions necess\u00e0ries per a garantir una defensa col\u00b7lectiva efica\u00e7, rigorosa i transparent dels seus interessos.<\/p>\n\n\n\n<p class=\"wp-block-paragraph\"><strong>La voluntat dels propietaris: Defensa unida i contundent<\/strong><\/p>\n\n\n\n<p class=\"wp-block-paragraph\">En l&#8217;\u00faltima assemblea, les persones propiet\u00e0ries van traslladar de manera un\u00e0nime la necessitat que LA UNI\u00d3 assumira un paper actiu i ferm per a garantir una negociaci\u00f3 justa, protegir el patrimoni agr\u00edcola i impedir qualsevol intent de depreciaci\u00f3 injustificada de les finques.<\/p>\n\n\n\n<p class=\"wp-block-paragraph\"><strong>Comprom\u00eds de LA UNI\u00d3<\/strong><\/p>\n\n\n\n<p class=\"wp-block-paragraph\">El t\u00e8cnic responsable d&#8217;expropiacions de LA UNI\u00d3, Salvador Bosch, assegura el comprom\u00eds inequ\u00edvoc de l&#8217;organitzaci\u00f3. \u201cLluitarem per aconseguir el millor per al col\u00b7lectiu. No permetrem que es malvenguen les finques, i si s&#8217;arriba a una expropiaci\u00f3, farem tot all\u00f2 legalment possible perqu\u00e8 el preu just siga el m\u00e9s alt\u201d. assenyala.<\/p>\n\n\n\n<p class=\"wp-block-paragraph\">La UNI\u00d3 recorda que la seua funci\u00f3 \u00e9s defensar els interessos de les persones llauradores i afectades, garantir el respecte institucional i assegurar que qualsevol proc\u00e9s que afecte terres agr\u00edcoles es fa\u00e7a amb criteris objectius, transparents i just.<\/p>\n\n\n\n<p class=\"wp-block-paragraph\"><strong>Un col\u00b7lectiu obert a noves adhesions<\/strong><\/p>\n\n\n\n<p class=\"wp-block-paragraph\">La Uni\u00f3 Llauradora mant\u00e9 obert el proc\u00e9s per a incorporar nous propietaris que desitgen sumar-se a aquesta defensa conjunta i mantindre&#8217;s informats, tant d&#8217;ofertes de compravenda com de totes les accions jur\u00eddiques i t\u00e8cniques que s&#8217;estan impulsant.<\/p>\n","protected":false},"excerpt":{"rendered":"<p>La Uni\u00f3 Llauradora i Ramadera, en coordinaci\u00f3 amb el despatx d&#8217;advocats De Juan &amp; Olavarrieta, ha consolidat un ampli col\u00b7lectiu de propietaris afectats pel projecte LogistiCs a Castell\u00f3 i que suma ja m\u00e9s de 60 finques amb una superf\u00edcie total superior als 220.000 m\u00b2. Aquest col\u00b7lectiu que aglutina LA UNI\u00d3 s&#8217;ha organitzat per a defensar &#8230; <a title=\"LA UNI\u00d3 agrupa ja m\u00e9s de 60 finques amb una superf\u00edcie de superior als 200.000 metres quadrats en el projecte LogistiCs a Castell\u00f3\" class=\"read-more\" href=\"https:\/\/elcafedepipa.com\/index.php\/2026\/04\/11\/la-unio-agrupa-ja-mes-de-60-finques-amb-una-superficie-de-superior-als-200-000-metres-quadrats-en-el-projecte-logistics-a-castello\/\" aria-label=\"M\u00e9s informaci\u00f3 sobre LA UNI\u00d3 agrupa ja m\u00e9s de 60 finques amb una superf\u00edcie de superior als 200.000 metres quadrats en el projecte LogistiCs a Castell\u00f3\">Read more<\/a><\/p>\n","protected":false},"author":2,"featured_media":23473,"comment_status":"closed","ping_status":"closed","sticky":false,"template":"","format":"standard","meta":{"om_disable_all_campaigns":false,"_monsterinsights_skip_tracking":false,"_uf_show_specific_survey":0,"_uf_disable_surveys":false,"slim_seo":{"title":"LA UNI\u00d3 agrupa ja m\u00e9s de 60 finques amb una superf\u00edcie de superior als 200.000 metres quadrats en el projecte LogistiCs a Castell\u00f3 - El caf\u00e9 de Pipa","description":"La Uni\u00f3 Llauradora i Ramadera, en coordinaci\u00f3 amb el despatx d'advocats De Juan &amp; Olavarrieta, ha consolidat un ampli col\u00b7lectiu de propietaris afectats pel"},"footnotes":""},"categories":[10],"tags":[],"ppma_author":[74],"class_list":["post-23472","post","type-post","status-publish","format-standard","has-post-thumbnail","hentry","category-provinciadecastello"],"distributor_meta":false,"distributor_terms":false,"distributor_media":false,"distributor_original_site_name":"El caf\u00e9 de Pipa","distributor_original_site_url":"https:\/\/elcafedepipa.com","push-errors":false,"authors":[{"term_id":74,"user_id":2,"is_guest":0,"slug":"radiolavallduixo","display_name":"Vicent Arnau Forner","avatar_url":"https:\/\/secure.gravatar.com\/avatar\/26a27d13d194fc3b4d2a7a933a63466fa1af911ef6eac8a107691f6aeb82d442?s=96&d=mm&r=g","author_category":"","first_name":"ecdp","last_name":"","user_url":"http:\/\/www.elcafedepipa.com","job_title":"","description":""}],"_links":{"self":[{"href":"https:\/\/elcafedepipa.com\/index.php\/wp-json\/wp\/v2\/posts\/23472","targetHints":{"allow":["GET"]}}],"collection":[{"href":"https:\/\/elcafedepipa.com\/index.php\/wp-json\/wp\/v2\/posts"}],"about":[{"href":"https:\/\/elcafedepipa.com\/index.php\/wp-json\/wp\/v2\/types\/post"}],"author":[{"embeddable":true,"href":"https:\/\/elcafedepipa.com\/index.php\/wp-json\/wp\/v2\/users\/2"}],"replies":[{"embeddable":true,"href":"https:\/\/elcafedepipa.com\/index.php\/wp-json\/wp\/v2\/comments?post=23472"}],"version-history":[{"count":1,"href":"https:\/\/elcafedepipa.com\/index.php\/wp-json\/wp\/v2\/posts\/23472\/revisions"}],"predecessor-version":[{"id":23474,"href":"https:\/\/elcafedepipa.com\/index.php\/wp-json\/wp\/v2\/posts\/23472\/revisions\/23474"}],"wp:featuredmedia":[{"embeddable":true,"href":"https:\/\/elcafedepipa.com\/index.php\/wp-json\/wp\/v2\/media\/23473"}],"wp:attachment":[{"href":"https:\/\/elcafedepipa.com\/index.php\/wp-json\/wp\/v2\/media?parent=23472"}],"wp:term":[{"taxonomy":"category","embeddable":true,"href":"https:\/\/elcafedepipa.com\/index.php\/wp-json\/wp\/v2\/categories?post=23472"},{"taxonomy":"post_tag","embeddable":true,"href":"https:\/\/elcafedepipa.com\/index.php\/wp-json\/wp\/v2\/tags?post=23472"},{"taxonomy":"author","embeddable":true,"href":"https:\/\/elcafedepipa.com\/index.php\/wp-json\/wp\/v2\/ppma_author?post=23472"}],"curies":[{"name":"wp","href":"https:\/\/api.w.org\/{rel}","templated":true}]}}