{"id":2341,"date":"2024-06-26T10:53:07","date_gmt":"2024-06-26T08:53:07","guid":{"rendered":"https:\/\/elcafedepipa.com\/?p=2341"},"modified":"2024-06-26T10:54:08","modified_gmt":"2024-06-26T08:54:08","slug":"nules-conclou-la-programacio-doci-jove-patis-joves-oberts","status":"publish","type":"post","link":"https:\/\/elcafedepipa.com\/index.php\/2024\/06\/26\/nules-conclou-la-programacio-doci-jove-patis-joves-oberts\/","title":{"rendered":"Nules conclou la programaci\u00f3 d&#8217;oci jove &#8220;Patis Joves Oberts&#8221;"},"content":{"rendered":"\n<p style=\"font-size:24px\"><strong>La iniciativa ha finalitzat amb la participaci\u00f3 de 58 joves\u00a0d&#8217;entre\u00a012 i 18 anys<\/strong><\/p>\n\n\n\n<p>L&#8217;Ajuntament de Nules ha concl\u00f2s la programaci\u00f3 d&#8217;oci jove &#8220;Patis joves oberts&#8221;, oferint un espai obert els dissabtes per a joves de 12 a 18 anys amb diverses activitats d&#8217;entreteniment. Un total de 58 joves van participar en l&#8217;Scape Room que va tancar la programaci\u00f3, desenvolupada durant el curs escolar per potenciar l&#8217;aprenentatge cooperatiu.<\/p>\n\n\n\n<p>En aquesta \u00faltima activitat, els participants van desenvolupar habilitats com el pensament cr\u00edtic, la concentraci\u00f3, l&#8217;atenci\u00f3 al detall, la resoluci\u00f3 de problemes i la retenci\u00f3 d&#8217;informaci\u00f3. El pati del CEIP Lope de Vega, obert els dissabtes de 10 a 13.30 hores, ha estat l&#8217;escenari d&#8217;aquestes activitats des de l&#8217;octubre passat. &#8220;Aquesta iniciativa t\u00e9 una gran acceptaci\u00f3 per part dels joves, i continuarem treballant per oferir aquesta programaci\u00f3 d&#8217;oci gratu\u00efta&#8221;, afirma la regidora de Joventut, Blanca Silvestre.<\/p>\n\n\n\n<p>Aquesta iniciativa compta amb una subvenci\u00f3 de la Conselleria d&#8217;Educaci\u00f3 de la Generalitat Valenciana per al desenvolupament de projectes de temps lliure per a xiquets en edat escolar i joves fins a&nbsp;18&nbsp;anys. A m\u00e9s, s&#8217;afegeix a la programaci\u00f3 &#8220;Patis Oberts. Vine a jugar&#8221;, destinada als m\u00e9s menuts i posada en marxa el 2022 des de la regidoria d&#8217;Inf\u00e0ncia<\/p>\n","protected":false},"excerpt":{"rendered":"<p>La iniciativa ha finalitzat amb la participaci\u00f3 de 58 joves\u00a0d&#8217;entre\u00a012 i 18 anys L&#8217;Ajuntament de Nules ha concl\u00f2s la programaci\u00f3 d&#8217;oci jove &#8220;Patis joves oberts&#8221;, oferint un espai obert els dissabtes per a joves de 12 a 18 anys amb diverses activitats d&#8217;entreteniment. Un total de 58 joves van participar en l&#8217;Scape Room que va &#8230; <a title=\"Nules conclou la programaci\u00f3 d&#8217;oci jove &#8220;Patis Joves Oberts&#8221;\" class=\"read-more\" href=\"https:\/\/elcafedepipa.com\/index.php\/2024\/06\/26\/nules-conclou-la-programacio-doci-jove-patis-joves-oberts\/\" aria-label=\"M\u00e9s informaci\u00f3 sobre Nules conclou la programaci\u00f3 d&#8217;oci jove &#8220;Patis Joves Oberts&#8221;\">Read more<\/a><\/p>\n","protected":false},"author":2,"featured_media":2343,"comment_status":"closed","ping_status":"closed","sticky":false,"template":"","format":"standard","meta":{"om_disable_all_campaigns":false,"_monsterinsights_skip_tracking":false,"_monsterinsights_sitenote_active":false,"_monsterinsights_sitenote_note":"","_monsterinsights_sitenote_category":0,"_uf_show_specific_survey":0,"_uf_disable_surveys":false,"footnotes":""},"categories":[3],"tags":[],"class_list":["post-2341","post","type-post","status-publish","format-standard","has-post-thumbnail","hentry","category-nules"],"_links":{"self":[{"href":"https:\/\/elcafedepipa.com\/index.php\/wp-json\/wp\/v2\/posts\/2341","targetHints":{"allow":["GET"]}}],"collection":[{"href":"https:\/\/elcafedepipa.com\/index.php\/wp-json\/wp\/v2\/posts"}],"about":[{"href":"https:\/\/elcafedepipa.com\/index.php\/wp-json\/wp\/v2\/types\/post"}],"author":[{"embeddable":true,"href":"https:\/\/elcafedepipa.com\/index.php\/wp-json\/wp\/v2\/users\/2"}],"replies":[{"embeddable":true,"href":"https:\/\/elcafedepipa.com\/index.php\/wp-json\/wp\/v2\/comments?post=2341"}],"version-history":[{"count":0,"href":"https:\/\/elcafedepipa.com\/index.php\/wp-json\/wp\/v2\/posts\/2341\/revisions"}],"wp:featuredmedia":[{"embeddable":true,"href":"https:\/\/elcafedepipa.com\/index.php\/wp-json\/wp\/v2\/media\/2343"}],"wp:attachment":[{"href":"https:\/\/elcafedepipa.com\/index.php\/wp-json\/wp\/v2\/media?parent=2341"}],"wp:term":[{"taxonomy":"category","embeddable":true,"href":"https:\/\/elcafedepipa.com\/index.php\/wp-json\/wp\/v2\/categories?post=2341"},{"taxonomy":"post_tag","embeddable":true,"href":"https:\/\/elcafedepipa.com\/index.php\/wp-json\/wp\/v2\/tags?post=2341"}],"curies":[{"name":"wp","href":"https:\/\/api.w.org\/{rel}","templated":true}]}}