{"id":2336,"date":"2024-06-26T13:58:00","date_gmt":"2024-06-26T11:58:00","guid":{"rendered":"https:\/\/elcafedepipa.com\/?p=2336"},"modified":"2024-06-26T13:58:14","modified_gmt":"2024-06-26T11:58:14","slug":"podcast-la-vall-duixo-invertira-25-milions-deuros-en-convertir-lactual-piscina-de-sant-josep-en-un-parc-aquatic","status":"publish","type":"post","link":"https:\/\/elcafedepipa.com\/index.php\/2024\/06\/26\/podcast-la-vall-duixo-invertira-25-milions-deuros-en-convertir-lactual-piscina-de-sant-josep-en-un-parc-aquatic\/","title":{"rendered":"Podcast | La Vall d&#8217;Uix\u00f3 invertir\u00e0 2,5 milions d&#8217;euros en convertir l&#8217;actual piscina de Sant Josep en un parc aqu\u00e0tic"},"content":{"rendered":"\n<p><strong>\u00c0UDIO | <\/strong>Ahir a la vesprada es va presentar el projecte del nou parc aqu\u00e0tic de la Vall d&#8217;Uix\u00f3, que s&#8217;ubicar\u00e0 en l&#8217;actual piscina de Sant Josep. S&#8217;invertiran 2,5 milions d&#8217;euros, procedents dels beneficis de les Coves de Sant Josep, i ser\u00e0 gestionada a trav\u00e9s de l&#8217;empresa p\u00fablica Emsevall. El complex comptar\u00e0 amb 5.364 m\u00b2, amb una zona de piscines, quiosc i zona de p\u00edcnic i jocs, entre altres. Ens conta tots els detalls l&#8217;alcaldessa de la Vall d&#8217;Uix\u00f3, Tania Ba\u00f1os. <\/p>\n\n\n\n<figure class=\"wp-block-audio\"><audio controls src=\"https:\/\/elcafedepipa.com\/wp-content\/uploads\/2024\/06\/tania26juny.mp3\"><\/audio><\/figure>\n","protected":false},"excerpt":{"rendered":"<p>\u00c0UDIO | Ahir a la vesprada es va presentar el projecte del nou parc aqu\u00e0tic de la Vall d&#8217;Uix\u00f3, que s&#8217;ubicar\u00e0 en l&#8217;actual piscina de Sant Josep. S&#8217;invertiran 2,5 milions d&#8217;euros, procedents dels beneficis de les Coves de Sant Josep, i ser\u00e0 gestionada a trav\u00e9s de l&#8217;empresa p\u00fablica Emsevall. El complex comptar\u00e0 amb 5.364 m\u00b2, &#8230; <a title=\"Podcast | La Vall d&#8217;Uix\u00f3 invertir\u00e0 2,5 milions d&#8217;euros en convertir l&#8217;actual piscina de Sant Josep en un parc aqu\u00e0tic\" class=\"read-more\" href=\"https:\/\/elcafedepipa.com\/index.php\/2024\/06\/26\/podcast-la-vall-duixo-invertira-25-milions-deuros-en-convertir-lactual-piscina-de-sant-josep-en-un-parc-aquatic\/\" aria-label=\"M\u00e9s informaci\u00f3 sobre Podcast | La Vall d&#8217;Uix\u00f3 invertir\u00e0 2,5 milions d&#8217;euros en convertir l&#8217;actual piscina de Sant Josep en un parc aqu\u00e0tic\">Read more<\/a><\/p>\n","protected":false},"author":2,"featured_media":0,"comment_status":"closed","ping_status":"closed","sticky":false,"template":"","format":"standard","meta":{"om_disable_all_campaigns":false,"_monsterinsights_skip_tracking":false,"_monsterinsights_sitenote_active":false,"_monsterinsights_sitenote_note":"","_monsterinsights_sitenote_category":0,"_uf_show_specific_survey":0,"_uf_disable_surveys":false,"footnotes":""},"categories":[2],"tags":[],"class_list":["post-2336","post","type-post","status-publish","format-standard","hentry","category-lavallduixo"],"_links":{"self":[{"href":"https:\/\/elcafedepipa.com\/index.php\/wp-json\/wp\/v2\/posts\/2336","targetHints":{"allow":["GET"]}}],"collection":[{"href":"https:\/\/elcafedepipa.com\/index.php\/wp-json\/wp\/v2\/posts"}],"about":[{"href":"https:\/\/elcafedepipa.com\/index.php\/wp-json\/wp\/v2\/types\/post"}],"author":[{"embeddable":true,"href":"https:\/\/elcafedepipa.com\/index.php\/wp-json\/wp\/v2\/users\/2"}],"replies":[{"embeddable":true,"href":"https:\/\/elcafedepipa.com\/index.php\/wp-json\/wp\/v2\/comments?post=2336"}],"version-history":[{"count":0,"href":"https:\/\/elcafedepipa.com\/index.php\/wp-json\/wp\/v2\/posts\/2336\/revisions"}],"wp:attachment":[{"href":"https:\/\/elcafedepipa.com\/index.php\/wp-json\/wp\/v2\/media?parent=2336"}],"wp:term":[{"taxonomy":"category","embeddable":true,"href":"https:\/\/elcafedepipa.com\/index.php\/wp-json\/wp\/v2\/categories?post=2336"},{"taxonomy":"post_tag","embeddable":true,"href":"https:\/\/elcafedepipa.com\/index.php\/wp-json\/wp\/v2\/tags?post=2336"}],"curies":[{"name":"wp","href":"https:\/\/api.w.org\/{rel}","templated":true}]}}