{"id":22860,"date":"2026-03-17T14:44:52","date_gmt":"2026-03-17T13:44:52","guid":{"rendered":"https:\/\/elcafedepipa.com\/?p=22860"},"modified":"2026-03-17T18:34:34","modified_gmt":"2026-03-17T17:34:34","slug":"nules-presenta-la-programacio-paqua-a-lestany","status":"publish","type":"post","link":"https:\/\/elcafedepipa.com\/index.php\/2026\/03\/17\/nules-presenta-la-programacio-paqua-a-lestany\/","title":{"rendered":"Nules presenta la programaci\u00f3 &#8220;Pasqua a l&#8217;Estany&#8221;"},"content":{"rendered":"\n<p>Un any m\u00e9s la localitat comptaran amb diferents activitats enfocades a tots els p\u00fablics<\/p>\n\n\n\n<p>L\u2019Ajuntament de Nules ha organitzat, un any m\u00e9s, una variada programaci\u00f3 que comptar\u00e0 amb diferents activitats que es desenvoluparan des de dijous, 2 d\u2019abril, fins a dilluns, 6 d\u2019abril. Aix\u00ed doncs, la programaci\u00f3 \u201cPasqua a l\u2019Estany\u201d presenta una oferta d&#8217;entreteniment i d\u2019oci per a tots els p\u00fablics amb actes que tindran lloc els dies coincidents amb les vacances de Setmana Santa i Pasqua.<\/p>\n\n\n\n<p>La Terrassa de l\u2019Estany ser\u00e0, doncs, el lloc que albergar\u00e0 aquestes activitats entre les quals hi haur\u00e0 m\u00fasica en directe, parc infantil, o discom\u00f2bil, entre d\u2019altres.<\/p>\n\n\n\n<p>L\u2019Alcalde, David Garc\u00eda, ha assenyalat al respecte que es tracta d\u2019una iniciativa municipal amb la qual es vol que en aquestes dates la gent de Nules es quede a gaudir dels dies festius a la localitat, al mateix temps que tamb\u00e9 siga un al\u00b7licient per al ve\u00efnat d\u2019altres poblacions del voltant, \u201c\u00e9s una aposta per a que el nostre poble compte en aquestes dates amb diferents alternatives d\u2019oci\u201d.<\/p>\n\n\n\n<p>Amb tot, la programaci\u00f3 contempla parc infantil amb castells inflables de dijous a dilluns en horari de 17.30 a 20.30 hores i de dissabte a dilluns d\u201911.00 a 14.00 hores; tardeo amb m\u00fasica en directe de divendres a dilluns de 18.00 a 22.00 hores; discom\u00f2bil divendres a partir de les 23.30 hores; i Vermouth amb m\u00fasica en directe de dissabte a dilluns de 12.30 a 14.00 hores.<\/p>\n\n\n\n<p>En relaci\u00f3 a aquest \u00faltim acte, Toni T\u00e1rrega, representant de l\u2019empresa promotora de la programaci\u00f3, ha destacat que \u201cenguany hem introdu\u00eft com a novetat el vermouth musical que compta amb m\u00fasica en directe, barra amb begudes i food trucks amb menjar\u201d.<\/p>\n\n\n\n<figure class=\"wp-block-image size-large\"><img fetchpriority=\"high\" decoding=\"async\" width=\"724\" height=\"1024\" src=\"https:\/\/elcafedepipa.com\/wp-content\/uploads\/2026\/03\/a7487649-10c7-4eb3-8789-aaf7bc9e7daa-724x1024.jpg\" alt=\"\" class=\"wp-image-22861\" srcset=\"https:\/\/elcafedepipa.com\/wp-content\/uploads\/2026\/03\/a7487649-10c7-4eb3-8789-aaf7bc9e7daa-724x1024.jpg 724w, https:\/\/elcafedepipa.com\/wp-content\/uploads\/2026\/03\/a7487649-10c7-4eb3-8789-aaf7bc9e7daa-212x300.jpg 212w, https:\/\/elcafedepipa.com\/wp-content\/uploads\/2026\/03\/a7487649-10c7-4eb3-8789-aaf7bc9e7daa-768x1087.jpg 768w, https:\/\/elcafedepipa.com\/wp-content\/uploads\/2026\/03\/a7487649-10c7-4eb3-8789-aaf7bc9e7daa-1086x1536.jpg 1086w, https:\/\/elcafedepipa.com\/wp-content\/uploads\/2026\/03\/a7487649-10c7-4eb3-8789-aaf7bc9e7daa-1448x2048.jpg 1448w, https:\/\/elcafedepipa.com\/wp-content\/uploads\/2026\/03\/a7487649-10c7-4eb3-8789-aaf7bc9e7daa.jpg 1753w\" sizes=\"(max-width: 724px) 100vw, 724px\" \/><\/figure>\n","protected":false},"excerpt":{"rendered":"<p>Un any m\u00e9s la localitat comptaran amb diferents activitats enfocades a tots els p\u00fablics L\u2019Ajuntament de Nules ha organitzat, un any m\u00e9s, una variada programaci\u00f3 que comptar\u00e0 amb diferents activitats que es desenvoluparan des de dijous, 2 d\u2019abril, fins a dilluns, 6 d\u2019abril. Aix\u00ed doncs, la programaci\u00f3 \u201cPasqua a l\u2019Estany\u201d presenta una oferta d&#8217;entreteniment i &#8230; <a title=\"Nules presenta la programaci\u00f3 &#8220;Pasqua a l&#8217;Estany&#8221;\" class=\"read-more\" href=\"https:\/\/elcafedepipa.com\/index.php\/2026\/03\/17\/nules-presenta-la-programacio-paqua-a-lestany\/\" aria-label=\"M\u00e9s informaci\u00f3 sobre Nules presenta la programaci\u00f3 &#8220;Pasqua a l&#8217;Estany&#8221;\">Read more<\/a><\/p>\n","protected":false},"author":2,"featured_media":22862,"comment_status":"closed","ping_status":"closed","sticky":false,"template":"","format":"standard","meta":{"om_disable_all_campaigns":false,"_monsterinsights_skip_tracking":false,"_monsterinsights_sitenote_active":false,"_monsterinsights_sitenote_note":"","_monsterinsights_sitenote_category":0,"_uf_show_specific_survey":0,"_uf_disable_surveys":false,"footnotes":""},"categories":[3],"tags":[],"class_list":["post-22860","post","type-post","status-publish","format-standard","has-post-thumbnail","hentry","category-nules"],"_links":{"self":[{"href":"https:\/\/elcafedepipa.com\/index.php\/wp-json\/wp\/v2\/posts\/22860","targetHints":{"allow":["GET"]}}],"collection":[{"href":"https:\/\/elcafedepipa.com\/index.php\/wp-json\/wp\/v2\/posts"}],"about":[{"href":"https:\/\/elcafedepipa.com\/index.php\/wp-json\/wp\/v2\/types\/post"}],"author":[{"embeddable":true,"href":"https:\/\/elcafedepipa.com\/index.php\/wp-json\/wp\/v2\/users\/2"}],"replies":[{"embeddable":true,"href":"https:\/\/elcafedepipa.com\/index.php\/wp-json\/wp\/v2\/comments?post=22860"}],"version-history":[{"count":2,"href":"https:\/\/elcafedepipa.com\/index.php\/wp-json\/wp\/v2\/posts\/22860\/revisions"}],"predecessor-version":[{"id":22864,"href":"https:\/\/elcafedepipa.com\/index.php\/wp-json\/wp\/v2\/posts\/22860\/revisions\/22864"}],"wp:featuredmedia":[{"embeddable":true,"href":"https:\/\/elcafedepipa.com\/index.php\/wp-json\/wp\/v2\/media\/22862"}],"wp:attachment":[{"href":"https:\/\/elcafedepipa.com\/index.php\/wp-json\/wp\/v2\/media?parent=22860"}],"wp:term":[{"taxonomy":"category","embeddable":true,"href":"https:\/\/elcafedepipa.com\/index.php\/wp-json\/wp\/v2\/categories?post=22860"},{"taxonomy":"post_tag","embeddable":true,"href":"https:\/\/elcafedepipa.com\/index.php\/wp-json\/wp\/v2\/tags?post=22860"}],"curies":[{"name":"wp","href":"https:\/\/api.w.org\/{rel}","templated":true}]}}