{"id":22818,"date":"2026-03-17T10:08:12","date_gmt":"2026-03-17T09:08:12","guid":{"rendered":"https:\/\/elcafedepipa.com\/?p=22818"},"modified":"2026-03-17T10:28:35","modified_gmt":"2026-03-17T09:28:35","slug":"moncofa-posa-a-punt-la-platja-del-grau-per-a-pasqua-2","status":"publish","type":"post","link":"https:\/\/elcafedepipa.com\/index.php\/2026\/03\/17\/moncofa-posa-a-punt-la-platja-del-grau-per-a-pasqua-2\/","title":{"rendered":"Moncofa posa a punt la platja del Grau per a Pasqua"},"content":{"rendered":"\n<p>Ja han comen\u00e7at els treballs de posada a punt de la platja del Grau de Moncofa per al comen\u00e7ament de les celebracions de Pasqua. Com cada any, l&#8217;Ajuntament ha contractat maquin\u00e0ria per a anivellar i equilibrar la platja. D&#8217;aquesta manera, es milloren els accessos al mar evitant els escalons produ\u00efts per les marees i els temporals de vent i pluges.<\/p>\n\n\n\n<p>El regidor de Platges, Francisco Alemany, ha indicat que gr\u00e0cies als treballs &#8220;s&#8217;assegura l&#8217;accessibilitat de la platja&#8221;. Aix\u00ed mateix, ha expressat que l&#8217;acci\u00f3 s&#8217;ha centrat en la platja del Grau &#8220;perqu\u00e8 \u00e9s la zona central del nucli urb\u00e0, amb major aflu\u00e8ncia de visitants en aquestes dates clau&#8221;.<\/p>\n\n\n\n<p><\/p>\n","protected":false},"excerpt":{"rendered":"<p>Ja han comen\u00e7at els treballs de posada a punt de la platja del Grau de Moncofa per al comen\u00e7ament de les celebracions de Pasqua. Com cada any, l&#8217;Ajuntament ha contractat maquin\u00e0ria per a anivellar i equilibrar la platja. D&#8217;aquesta manera, es milloren els accessos al mar evitant els escalons produ\u00efts per les marees i els &#8230; <a title=\"Moncofa posa a punt la platja del Grau per a Pasqua\" class=\"read-more\" href=\"https:\/\/elcafedepipa.com\/index.php\/2026\/03\/17\/moncofa-posa-a-punt-la-platja-del-grau-per-a-pasqua-2\/\" aria-label=\"M\u00e9s informaci\u00f3 sobre Moncofa posa a punt la platja del Grau per a Pasqua\">Read more<\/a><\/p>\n","protected":false},"author":2,"featured_media":22819,"comment_status":"closed","ping_status":"closed","sticky":false,"template":"","format":"standard","meta":{"om_disable_all_campaigns":false,"_monsterinsights_skip_tracking":false,"_monsterinsights_sitenote_active":false,"_monsterinsights_sitenote_note":"","_monsterinsights_sitenote_category":0,"_uf_show_specific_survey":0,"_uf_disable_surveys":false,"footnotes":""},"categories":[4],"tags":[],"class_list":["post-22818","post","type-post","status-publish","format-standard","has-post-thumbnail","hentry","category-moncofa"],"_links":{"self":[{"href":"https:\/\/elcafedepipa.com\/index.php\/wp-json\/wp\/v2\/posts\/22818","targetHints":{"allow":["GET"]}}],"collection":[{"href":"https:\/\/elcafedepipa.com\/index.php\/wp-json\/wp\/v2\/posts"}],"about":[{"href":"https:\/\/elcafedepipa.com\/index.php\/wp-json\/wp\/v2\/types\/post"}],"author":[{"embeddable":true,"href":"https:\/\/elcafedepipa.com\/index.php\/wp-json\/wp\/v2\/users\/2"}],"replies":[{"embeddable":true,"href":"https:\/\/elcafedepipa.com\/index.php\/wp-json\/wp\/v2\/comments?post=22818"}],"version-history":[{"count":2,"href":"https:\/\/elcafedepipa.com\/index.php\/wp-json\/wp\/v2\/posts\/22818\/revisions"}],"predecessor-version":[{"id":22822,"href":"https:\/\/elcafedepipa.com\/index.php\/wp-json\/wp\/v2\/posts\/22818\/revisions\/22822"}],"wp:featuredmedia":[{"embeddable":true,"href":"https:\/\/elcafedepipa.com\/index.php\/wp-json\/wp\/v2\/media\/22819"}],"wp:attachment":[{"href":"https:\/\/elcafedepipa.com\/index.php\/wp-json\/wp\/v2\/media?parent=22818"}],"wp:term":[{"taxonomy":"category","embeddable":true,"href":"https:\/\/elcafedepipa.com\/index.php\/wp-json\/wp\/v2\/categories?post=22818"},{"taxonomy":"post_tag","embeddable":true,"href":"https:\/\/elcafedepipa.com\/index.php\/wp-json\/wp\/v2\/tags?post=22818"}],"curies":[{"name":"wp","href":"https:\/\/api.w.org\/{rel}","templated":true}]}}