{"id":22798,"date":"2026-03-16T14:51:46","date_gmt":"2026-03-16T13:51:46","guid":{"rendered":"https:\/\/elcafedepipa.com\/?p=22798"},"modified":"2026-03-16T14:51:57","modified_gmt":"2026-03-16T13:51:57","slug":"nules-alberga-aquest-mes-una-trobada-mundial-dedicada-a-la-conservacio-i-recuperacio-de-la-biodiversitat-agricola","status":"publish","type":"post","link":"https:\/\/elcafedepipa.com\/index.php\/2026\/03\/16\/nules-alberga-aquest-mes-una-trobada-mundial-dedicada-a-la-conservacio-i-recuperacio-de-la-biodiversitat-agricola\/","title":{"rendered":"Nules alberga aquest mes una trobada mundial dedicada a la conservaci\u00f3 i recuperaci\u00f3 de la biodiversitat agr\u00edcola"},"content":{"rendered":"\n<p>Es vol promoure l\u2019agricultura sostenible i fomentar la protecci\u00f3 del patrimoni agr\u00edcola<\/p>\n\n\n\n<p>La poblaci\u00f3 de Nules albergar\u00e0 el pr\u00f2xim 29 de mar\u00e7 l\u2019Intercanvi Mundial de Llavors i Plantes que organitza l\u2019Associaci\u00f3 Independent de Llauradors de Nules (AIAN), la Federaci\u00f3 Nacional d\u2019Associacions Independents (FNAI), i la ONG Pankara EcoGlobal en col\u00b7laboraci\u00f3 amb l\u2019Ajuntament de Nules, i altres entitats socials, acad\u00e8miques i agr\u00edcoles.<\/p>\n\n\n\n<p>De fet, es tracta d\u2019una jornada dedicada a la conservaci\u00f3, l\u2019intercanvi i a la recuperaci\u00f3 de la biodiversitat agr\u00edcola i de les llavors tradicionals. En aquest sentit, hi haur\u00e0 diferents activitats obertes a la ciutadania que es desenvoluparan a la pla\u00e7a Fra Asensi Nebot, entre les quals cal destacar la confer\u00e8ncia d\u2019Eugenio Llorens, professor del Departament de Biologia de la Universitat Jaume I de Castell\u00f3 qui parlar\u00e0 de la p\u00e8rdua de biodiversitat cultivada a l\u2019agricultura; l\u2019exposici\u00f3 micol\u00f2gica; el repartiment i intercanvi de llavors i planter tradicional; o el taller d\u2019empelts tradicionals a c\u00e0rrec de Carlos Gil. A m\u00e9s, durant tota la jornada hi haur\u00e0 tamb\u00e9 activitats infantils i una paella popular.<\/p>\n\n\n\n<p>Aquesta iniciativa t\u00e9 com a objectiu fomentar la protecci\u00f3 del patrimoni agr\u00edcola, promoure l\u2019agricultura sostenible, i enfortir la participaci\u00f3 ciutadana al voltant de la cura de la biodiversitat.<\/p>\n\n\n\n<p>Davant a\u00e7\u00f2, des de la regidoria d\u2019Agricultura, C\u00e9sar Esta\u00f1ol, ha ressaltat la import\u00e0ncia del suport institucional a aquesta jornada, \u201cque posa en valor el coneixement agr\u00edcola tradicional i la sostenibilitat\u201d.<\/p>\n\n\n\n<p>De manera que, les persones interessades a assistir poden inscriure\u2019s a l\u2019adre\u00e7a semillasuniversoian@gmail.com.<\/p>\n","protected":false},"excerpt":{"rendered":"<p>Es vol promoure l\u2019agricultura sostenible i fomentar la protecci\u00f3 del patrimoni agr\u00edcola La poblaci\u00f3 de Nules albergar\u00e0 el pr\u00f2xim 29 de mar\u00e7 l\u2019Intercanvi Mundial de Llavors i Plantes que organitza l\u2019Associaci\u00f3 Independent de Llauradors de Nules (AIAN), la Federaci\u00f3 Nacional d\u2019Associacions Independents (FNAI), i la ONG Pankara EcoGlobal en col\u00b7laboraci\u00f3 amb l\u2019Ajuntament de Nules, i &#8230; <a title=\"Nules alberga aquest mes una trobada mundial dedicada a la conservaci\u00f3 i recuperaci\u00f3 de la biodiversitat agr\u00edcola\" class=\"read-more\" href=\"https:\/\/elcafedepipa.com\/index.php\/2026\/03\/16\/nules-alberga-aquest-mes-una-trobada-mundial-dedicada-a-la-conservacio-i-recuperacio-de-la-biodiversitat-agricola\/\" aria-label=\"M\u00e9s informaci\u00f3 sobre Nules alberga aquest mes una trobada mundial dedicada a la conservaci\u00f3 i recuperaci\u00f3 de la biodiversitat agr\u00edcola\">Read more<\/a><\/p>\n","protected":false},"author":2,"featured_media":22799,"comment_status":"closed","ping_status":"closed","sticky":false,"template":"","format":"standard","meta":{"om_disable_all_campaigns":false,"_monsterinsights_skip_tracking":false,"_monsterinsights_sitenote_active":false,"_monsterinsights_sitenote_note":"","_monsterinsights_sitenote_category":0,"_uf_show_specific_survey":0,"_uf_disable_surveys":false,"footnotes":""},"categories":[3],"tags":[],"class_list":["post-22798","post","type-post","status-publish","format-standard","has-post-thumbnail","hentry","category-nules"],"_links":{"self":[{"href":"https:\/\/elcafedepipa.com\/index.php\/wp-json\/wp\/v2\/posts\/22798","targetHints":{"allow":["GET"]}}],"collection":[{"href":"https:\/\/elcafedepipa.com\/index.php\/wp-json\/wp\/v2\/posts"}],"about":[{"href":"https:\/\/elcafedepipa.com\/index.php\/wp-json\/wp\/v2\/types\/post"}],"author":[{"embeddable":true,"href":"https:\/\/elcafedepipa.com\/index.php\/wp-json\/wp\/v2\/users\/2"}],"replies":[{"embeddable":true,"href":"https:\/\/elcafedepipa.com\/index.php\/wp-json\/wp\/v2\/comments?post=22798"}],"version-history":[{"count":1,"href":"https:\/\/elcafedepipa.com\/index.php\/wp-json\/wp\/v2\/posts\/22798\/revisions"}],"predecessor-version":[{"id":22800,"href":"https:\/\/elcafedepipa.com\/index.php\/wp-json\/wp\/v2\/posts\/22798\/revisions\/22800"}],"wp:featuredmedia":[{"embeddable":true,"href":"https:\/\/elcafedepipa.com\/index.php\/wp-json\/wp\/v2\/media\/22799"}],"wp:attachment":[{"href":"https:\/\/elcafedepipa.com\/index.php\/wp-json\/wp\/v2\/media?parent=22798"}],"wp:term":[{"taxonomy":"category","embeddable":true,"href":"https:\/\/elcafedepipa.com\/index.php\/wp-json\/wp\/v2\/categories?post=22798"},{"taxonomy":"post_tag","embeddable":true,"href":"https:\/\/elcafedepipa.com\/index.php\/wp-json\/wp\/v2\/tags?post=22798"}],"curies":[{"name":"wp","href":"https:\/\/api.w.org\/{rel}","templated":true}]}}