{"id":22790,"date":"2026-03-16T12:38:03","date_gmt":"2026-03-16T11:38:03","guid":{"rendered":"https:\/\/elcafedepipa.com\/?p=22790"},"modified":"2026-03-16T12:38:14","modified_gmt":"2026-03-16T11:38:14","slug":"alfondeguilla-installa-panells-informatius-per-a-mantindre-viva-la-busca-de-manuel-navarro-desaparegut-des-doctubre-del-2025","status":"publish","type":"post","link":"https:\/\/elcafedepipa.com\/index.php\/2026\/03\/16\/alfondeguilla-installa-panells-informatius-per-a-mantindre-viva-la-busca-de-manuel-navarro-desaparegut-des-doctubre-del-2025\/","title":{"rendered":"Alfondeguilla instal\u00b7la panells informatius per a mantindre viva la busca de Manuel Navarro, desaparegut des d&#8217;octubre del 2025"},"content":{"rendered":"\n<p>L&#8217;Ajuntament d&#8217;Alfondeguilla ha instal\u00b7lat recentment diversos panells informatius en punts estrat\u00e8gics del terme municipal amb l&#8217;objectiu de mantindre activa la busca de Manuel Navarro, desaparegut el passat 25 d&#8217;octubre de 2025 mentre es trobava en l&#8217;entorn natural del municipi.<\/p>\n\n\n\n<p>La iniciativa naix amb la voluntat que el cas no caiga en l&#8217;oblit i, al mateix temps, implicar les nombroses persones que cada cap de setmana visiten la localitat per a practicar senderisme o gaudir de la muntanya. Des del consistori consideren que la col\u00b7laboraci\u00f3 ciutadana pot resultar clau per a obtindre qualsevol informaci\u00f3 que ajude a esclarir l&#8217;ocorregut.<\/p>\n\n\n\n<p>Despr\u00e9s de con\u00e9ixer-se la desaparici\u00f3, es va posar en marxa un ampli dispositiu de busca en el qual van participar efectius de la Policia, Gu\u00e0rdia Civil, Bombers i personal d&#8217;emerg\u00e8ncies, a m\u00e9s de voluntaris. Malgrat l&#8217;important desplegament realitzat en els dies posteriors, no va ser possible localitzar a Manuel Navarro.<\/p>\n\n\n\n<p>Davant est\u00e1 situaci\u00f3, l&#8217;Ajuntament ha decidit refor\u00e7ar la difusi\u00f3 del cas mitjan\u00e7ant la col\u00b7locaci\u00f3 d&#8217;estos panells informatius en zones freq\u00fcentades per excursionistes i visitants. Per aix\u00f2, des de l&#8217;Ajuntament s&#8217;espera que la visibilitat d&#8217;estos panells ajude a ampliar el coneixement del cas i al fet que qualsevol persona que puga disposar d&#8217;informaci\u00f3 rellevant la comunique.<\/p>\n\n\n\n<p>Des de l&#8217;Ajuntament subratllen que per a la fam\u00edlia de Manuel Navarro continua sent fonamental no perdre l&#8217;esperan\u00e7a i continuar difonent el seu cas. Per aix\u00f2, qualsevol informaci\u00f3 que puga ajudar a esclarir la seua desaparici\u00f3 o a localitzar alguna pista continua sent de gran import\u00e0ncia.<\/p>\n","protected":false},"excerpt":{"rendered":"<p>L&#8217;Ajuntament d&#8217;Alfondeguilla ha instal\u00b7lat recentment diversos panells informatius en punts estrat\u00e8gics del terme municipal amb l&#8217;objectiu de mantindre activa la busca de Manuel Navarro, desaparegut el passat 25 d&#8217;octubre de 2025 mentre es trobava en l&#8217;entorn natural del municipi. La iniciativa naix amb la voluntat que el cas no caiga en l&#8217;oblit i, al mateix &#8230; <a title=\"Alfondeguilla instal\u00b7la panells informatius per a mantindre viva la busca de Manuel Navarro, desaparegut des d&#8217;octubre del 2025\" class=\"read-more\" href=\"https:\/\/elcafedepipa.com\/index.php\/2026\/03\/16\/alfondeguilla-installa-panells-informatius-per-a-mantindre-viva-la-busca-de-manuel-navarro-desaparegut-des-doctubre-del-2025\/\" aria-label=\"M\u00e9s informaci\u00f3 sobre Alfondeguilla instal\u00b7la panells informatius per a mantindre viva la busca de Manuel Navarro, desaparegut des d&#8217;octubre del 2025\">Read more<\/a><\/p>\n","protected":false},"author":2,"featured_media":22791,"comment_status":"closed","ping_status":"closed","sticky":false,"template":"","format":"standard","meta":{"om_disable_all_campaigns":false,"_monsterinsights_skip_tracking":false,"_monsterinsights_sitenote_active":false,"_monsterinsights_sitenote_note":"","_monsterinsights_sitenote_category":0,"_uf_show_specific_survey":0,"_uf_disable_surveys":false,"footnotes":""},"categories":[9],"tags":[],"class_list":["post-22790","post","type-post","status-publish","format-standard","has-post-thumbnail","hentry","category-alfondeguilla"],"_links":{"self":[{"href":"https:\/\/elcafedepipa.com\/index.php\/wp-json\/wp\/v2\/posts\/22790","targetHints":{"allow":["GET"]}}],"collection":[{"href":"https:\/\/elcafedepipa.com\/index.php\/wp-json\/wp\/v2\/posts"}],"about":[{"href":"https:\/\/elcafedepipa.com\/index.php\/wp-json\/wp\/v2\/types\/post"}],"author":[{"embeddable":true,"href":"https:\/\/elcafedepipa.com\/index.php\/wp-json\/wp\/v2\/users\/2"}],"replies":[{"embeddable":true,"href":"https:\/\/elcafedepipa.com\/index.php\/wp-json\/wp\/v2\/comments?post=22790"}],"version-history":[{"count":1,"href":"https:\/\/elcafedepipa.com\/index.php\/wp-json\/wp\/v2\/posts\/22790\/revisions"}],"predecessor-version":[{"id":22792,"href":"https:\/\/elcafedepipa.com\/index.php\/wp-json\/wp\/v2\/posts\/22790\/revisions\/22792"}],"wp:featuredmedia":[{"embeddable":true,"href":"https:\/\/elcafedepipa.com\/index.php\/wp-json\/wp\/v2\/media\/22791"}],"wp:attachment":[{"href":"https:\/\/elcafedepipa.com\/index.php\/wp-json\/wp\/v2\/media?parent=22790"}],"wp:term":[{"taxonomy":"category","embeddable":true,"href":"https:\/\/elcafedepipa.com\/index.php\/wp-json\/wp\/v2\/categories?post=22790"},{"taxonomy":"post_tag","embeddable":true,"href":"https:\/\/elcafedepipa.com\/index.php\/wp-json\/wp\/v2\/tags?post=22790"}],"curies":[{"name":"wp","href":"https:\/\/api.w.org\/{rel}","templated":true}]}}