{"id":22787,"date":"2026-03-16T12:32:14","date_gmt":"2026-03-16T11:32:14","guid":{"rendered":"https:\/\/elcafedepipa.com\/?p=22787"},"modified":"2026-03-16T12:32:24","modified_gmt":"2026-03-16T11:32:24","slug":"el-pp-dalmenara-lamenta-que-psoe-i-compromis-veten-la-proteccio-de-les-vivendes-en-el-congres-desde-2024-i-demana-mes-fets-i-menys-hipocresia","status":"publish","type":"post","link":"https:\/\/elcafedepipa.com\/index.php\/2026\/03\/16\/el-pp-dalmenara-lamenta-que-psoe-i-compromis-veten-la-proteccio-de-les-vivendes-en-el-congres-desde-2024-i-demana-mes-fets-i-menys-hipocresia\/","title":{"rendered":"El PP d&#8217;Almenara lamenta que PSOE i Comprom\u00eds &#8220;veten la protecci\u00f3 de les vivendes en el Congr\u00e9s desde 2024&#8221; i demana \u201cm\u00e9s fets i menys hipocresia\u201d"},"content":{"rendered":"\n<p>El Grup Municipal del PP a Almenara ha lamentat que PSOE i Comprom\u00eds &#8220;veten des de fa dos anys la modificaci\u00f3 de la llei de costes per a protegir les vivendes singulars de la localitat&#8221;. \u201cDos anys de bloqueig d&#8217;una iniciativa aprovada pel PP al Senat el 12 de mar\u00e7 de 2024. Una proposta que d&#8217;haver-se debatut ja estaria aprovada i vigent, donant protecci\u00f3 a vivendes que hui l&#8217;esquerra vol derrocar\u201d.\u00a0<\/p>\n\n\n\n<p>El PP d&#8217;Almenara lamenta que qui hui governa el municipi, el PSOE, amb el suport &#8220;puntual&#8221; de Comprom\u00eds, &#8220;siguen els mateixos que presidint la Mesa del Congr\u00e9s torpedinen les solucions per a les nostres vivendes singulars que podrien estar ja protegides\u201d.<\/p>\n\n\n\n<p>Per al PP de la localitat, \u201cla costa reflectix la nul\u00b7la gesti\u00f3 del PSOE i del seu soci de Sumar, del qual forma part Comprom\u00eds, al capdavant del Govern d&#8217;Espanya. Quan passegem per les nostres platges i veiem l&#8217;aband\u00f3 i la degradaci\u00f3, la falta d&#8217;inversions i la negativa a protegir vivendes amb valor patrimonial, nom\u00e9s hi ha un responsable: el PSOE i els seus socis\u201d.<\/p>\n\n\n\n<p>En este sentit, \u201cdes del PP continuarem exercint la defensa dels drets dels ve\u00efns d&#8217;Almenara. De les quatre esculleres que hi ha, nom\u00e9s dos estan executades. De les inversions que haurien d&#8217;arribar despr\u00e9s de les destrosses causades per la borrasca Harry, ni un sol euro per a reparar infraestructures danyades, nom\u00e9s per a reposici\u00f3 de graves. De la protecci\u00f3 dels immobles, un veto que ja dura dos anys. Eixa \u00e9s la gesti\u00f3 del socialisme a Almenara\u201d.<\/p>\n","protected":false},"excerpt":{"rendered":"<p>El Grup Municipal del PP a Almenara ha lamentat que PSOE i Comprom\u00eds &#8220;veten des de fa dos anys la modificaci\u00f3 de la llei de costes per a protegir les vivendes singulars de la localitat&#8221;. \u201cDos anys de bloqueig d&#8217;una iniciativa aprovada pel PP al Senat el 12 de mar\u00e7 de 2024. Una proposta que &#8230; <a title=\"El PP d&#8217;Almenara lamenta que PSOE i Comprom\u00eds &#8220;veten la protecci\u00f3 de les vivendes en el Congr\u00e9s desde 2024&#8221; i demana \u201cm\u00e9s fets i menys hipocresia\u201d\" class=\"read-more\" href=\"https:\/\/elcafedepipa.com\/index.php\/2026\/03\/16\/el-pp-dalmenara-lamenta-que-psoe-i-compromis-veten-la-proteccio-de-les-vivendes-en-el-congres-desde-2024-i-demana-mes-fets-i-menys-hipocresia\/\" aria-label=\"M\u00e9s informaci\u00f3 sobre El PP d&#8217;Almenara lamenta que PSOE i Comprom\u00eds &#8220;veten la protecci\u00f3 de les vivendes en el Congr\u00e9s desde 2024&#8221; i demana \u201cm\u00e9s fets i menys hipocresia\u201d\">Read more<\/a><\/p>\n","protected":false},"author":2,"featured_media":22788,"comment_status":"closed","ping_status":"closed","sticky":false,"template":"","format":"standard","meta":{"om_disable_all_campaigns":false,"_monsterinsights_skip_tracking":false,"_monsterinsights_sitenote_active":false,"_monsterinsights_sitenote_note":"","_monsterinsights_sitenote_category":0,"_uf_show_specific_survey":0,"_uf_disable_surveys":false,"footnotes":""},"categories":[5],"tags":[],"class_list":["post-22787","post","type-post","status-publish","format-standard","has-post-thumbnail","hentry","category-almenara"],"_links":{"self":[{"href":"https:\/\/elcafedepipa.com\/index.php\/wp-json\/wp\/v2\/posts\/22787","targetHints":{"allow":["GET"]}}],"collection":[{"href":"https:\/\/elcafedepipa.com\/index.php\/wp-json\/wp\/v2\/posts"}],"about":[{"href":"https:\/\/elcafedepipa.com\/index.php\/wp-json\/wp\/v2\/types\/post"}],"author":[{"embeddable":true,"href":"https:\/\/elcafedepipa.com\/index.php\/wp-json\/wp\/v2\/users\/2"}],"replies":[{"embeddable":true,"href":"https:\/\/elcafedepipa.com\/index.php\/wp-json\/wp\/v2\/comments?post=22787"}],"version-history":[{"count":1,"href":"https:\/\/elcafedepipa.com\/index.php\/wp-json\/wp\/v2\/posts\/22787\/revisions"}],"predecessor-version":[{"id":22789,"href":"https:\/\/elcafedepipa.com\/index.php\/wp-json\/wp\/v2\/posts\/22787\/revisions\/22789"}],"wp:featuredmedia":[{"embeddable":true,"href":"https:\/\/elcafedepipa.com\/index.php\/wp-json\/wp\/v2\/media\/22788"}],"wp:attachment":[{"href":"https:\/\/elcafedepipa.com\/index.php\/wp-json\/wp\/v2\/media?parent=22787"}],"wp:term":[{"taxonomy":"category","embeddable":true,"href":"https:\/\/elcafedepipa.com\/index.php\/wp-json\/wp\/v2\/categories?post=22787"},{"taxonomy":"post_tag","embeddable":true,"href":"https:\/\/elcafedepipa.com\/index.php\/wp-json\/wp\/v2\/tags?post=22787"}],"curies":[{"name":"wp","href":"https:\/\/api.w.org\/{rel}","templated":true}]}}