{"id":22783,"date":"2026-03-16T12:29:26","date_gmt":"2026-03-16T11:29:26","guid":{"rendered":"https:\/\/elcafedepipa.com\/?p=22783"},"modified":"2026-03-16T12:29:36","modified_gmt":"2026-03-16T11:29:36","slug":"moncofa-reforca-els-tractaments-contra-els-mosquits-despres-dels-ultims-episodis-de-pluja","status":"publish","type":"post","link":"https:\/\/elcafedepipa.com\/index.php\/2026\/03\/16\/moncofa-reforca-els-tractaments-contra-els-mosquits-despres-dels-ultims-episodis-de-pluja\/","title":{"rendered":"Moncofa refor\u00e7a els tractaments contra els mosquits despr\u00e9s dels \u00faltims episodis de pluja"},"content":{"rendered":"\n<p>L\u2019Ajuntament de Moncofa, en col\u00b7laboraci\u00f3 amb la Diputaci\u00f3n de Castell\u00f3n, ha refor\u00e7at les tasques de prevenci\u00f3 i control de mosquits en tot el terme municipal amb l\u2019objectiu d\u2019evitar la proliferaci\u00f3 d\u2019aquests insectes.<\/p>\n\n\n\n<p>Segons ha informat el consistori, s\u2019han intensificat els tractaments larvicides en diferents punts del municipi, una actuaci\u00f3 preventiva destinada a eliminar els focus de cria abans que els mosquits arriben a la fase adulta.<\/p>\n\n\n\n<p>Aquest servei cobra especial import\u00e0ncia despr\u00e9s dels darrers episodis de pluges registrats a la zona, que poden generar acumulacions d\u2019aigua i afavorir l\u2019aparici\u00f3 de nous focus larvaris.<\/p>\n\n\n\n<p>Des de l\u2019Ajuntament de Moncofa destaquen que aquestes actuacions formen part del dispositiu habitual de control de plagues i tenen com a objectiu reduir al m\u00e0xim les mol\u00e8sties a la ciutadania, especialment durant els mesos amb temperatures m\u00e9s elevades.<\/p>\n","protected":false},"excerpt":{"rendered":"<p>L\u2019Ajuntament de Moncofa, en col\u00b7laboraci\u00f3 amb la Diputaci\u00f3n de Castell\u00f3n, ha refor\u00e7at les tasques de prevenci\u00f3 i control de mosquits en tot el terme municipal amb l\u2019objectiu d\u2019evitar la proliferaci\u00f3 d\u2019aquests insectes. Segons ha informat el consistori, s\u2019han intensificat els tractaments larvicides en diferents punts del municipi, una actuaci\u00f3 preventiva destinada a eliminar els focus &#8230; <a title=\"Moncofa refor\u00e7a els tractaments contra els mosquits despr\u00e9s dels \u00faltims episodis de pluja\" class=\"read-more\" href=\"https:\/\/elcafedepipa.com\/index.php\/2026\/03\/16\/moncofa-reforca-els-tractaments-contra-els-mosquits-despres-dels-ultims-episodis-de-pluja\/\" aria-label=\"M\u00e9s informaci\u00f3 sobre Moncofa refor\u00e7a els tractaments contra els mosquits despr\u00e9s dels \u00faltims episodis de pluja\">Read more<\/a><\/p>\n","protected":false},"author":2,"featured_media":22785,"comment_status":"closed","ping_status":"closed","sticky":false,"template":"","format":"standard","meta":{"om_disable_all_campaigns":false,"_monsterinsights_skip_tracking":false,"_monsterinsights_sitenote_active":false,"_monsterinsights_sitenote_note":"","_monsterinsights_sitenote_category":0,"_uf_show_specific_survey":0,"_uf_disable_surveys":false,"footnotes":""},"categories":[4],"tags":[],"class_list":["post-22783","post","type-post","status-publish","format-standard","has-post-thumbnail","hentry","category-moncofa"],"_links":{"self":[{"href":"https:\/\/elcafedepipa.com\/index.php\/wp-json\/wp\/v2\/posts\/22783","targetHints":{"allow":["GET"]}}],"collection":[{"href":"https:\/\/elcafedepipa.com\/index.php\/wp-json\/wp\/v2\/posts"}],"about":[{"href":"https:\/\/elcafedepipa.com\/index.php\/wp-json\/wp\/v2\/types\/post"}],"author":[{"embeddable":true,"href":"https:\/\/elcafedepipa.com\/index.php\/wp-json\/wp\/v2\/users\/2"}],"replies":[{"embeddable":true,"href":"https:\/\/elcafedepipa.com\/index.php\/wp-json\/wp\/v2\/comments?post=22783"}],"version-history":[{"count":1,"href":"https:\/\/elcafedepipa.com\/index.php\/wp-json\/wp\/v2\/posts\/22783\/revisions"}],"predecessor-version":[{"id":22786,"href":"https:\/\/elcafedepipa.com\/index.php\/wp-json\/wp\/v2\/posts\/22783\/revisions\/22786"}],"wp:featuredmedia":[{"embeddable":true,"href":"https:\/\/elcafedepipa.com\/index.php\/wp-json\/wp\/v2\/media\/22785"}],"wp:attachment":[{"href":"https:\/\/elcafedepipa.com\/index.php\/wp-json\/wp\/v2\/media?parent=22783"}],"wp:term":[{"taxonomy":"category","embeddable":true,"href":"https:\/\/elcafedepipa.com\/index.php\/wp-json\/wp\/v2\/categories?post=22783"},{"taxonomy":"post_tag","embeddable":true,"href":"https:\/\/elcafedepipa.com\/index.php\/wp-json\/wp\/v2\/tags?post=22783"}],"curies":[{"name":"wp","href":"https:\/\/api.w.org\/{rel}","templated":true}]}}