{"id":22780,"date":"2026-03-16T12:02:06","date_gmt":"2026-03-16T11:02:06","guid":{"rendered":"https:\/\/elcafedepipa.com\/?p=22780"},"modified":"2026-03-16T12:02:16","modified_gmt":"2026-03-16T11:02:16","slug":"el-pspv-psoe-acusa-el-pp-de-convertir-les-residencies-en-una-oportunitat-immobiliaria-per-als-amics-i-substituir-la-planificacio-publica-per-la-targeta-de-visita-de","status":"publish","type":"post","link":"https:\/\/elcafedepipa.com\/index.php\/2026\/03\/16\/el-pspv-psoe-acusa-el-pp-de-convertir-les-residencies-en-una-oportunitat-immobiliaria-per-als-amics-i-substituir-la-planificacio-publica-per-la-targeta-de-visita-de\/","title":{"rendered":"El PSPV-PSOE acusa el PP de convertir les resid\u00e8ncies en una \u201coportunitat immobili\u00e0ria per als amics\u201d i substituir la planificaci\u00f3 p\u00fablica per la \u201ctargeta de visita\u201d de constructores"},"content":{"rendered":"\n<p><strong>El PSPV-PSOE acusa el PP de convertir les resid\u00e8ncies en una \u201coportunitat immobili\u00e0ria per als amics\u201d i substituir la planificaci\u00f3 p\u00fablica per la \u201ctargeta de visita\u201d de constructores<\/strong><\/p>\n\n\n\n<p>La vicesecret\u00e0ria general, Tania Ba\u00f1os, reprotxa al Consell que inste els alcaldes i alcaldesses a \u201cbuscar-se un empresari\u201d si volen equipaments sociosanitaris i adverteix que deixar l\u2019ampliaci\u00f3 de l\u2019oferta en mans de fons d&#8217;inversi\u00f3 far\u00e0 tremolar les economies familiars amb quotes totalment inassumibles.<\/p>\n\n\n\n<p>El PSPV-PSOE de Castell\u00f3 ha reprotxat al PP que haja deixat de concebre les resid\u00e8ncies com un servei p\u00fablic essencial per a convertir-les en una oportunitat immobili\u00e0ria \u201cper als amics\u201d. La vicesecret\u00e0ria general socialista, Tania Ba\u00f1os, ha criticat que des de la Generalitat Valenciana s\u2019estiga traslladant a alcaldes i alcaldesses que han reivindicat infraestructures sociosanit\u00e0ries, fins i tot amb parcel\u00b7les ja disponibles, que \u201csi en volen una es busquen un empresari, perqu\u00e8 no tenen cap intenci\u00f3 d\u2019invertir ni un euro en obra nova, tot i el d\u00e8ficit de places p\u00fabliques\u201d.<\/p>\n\n\n\n<p>Ba\u00f1os ha lamentat que s\u2019haja substitu\u00eft la planificaci\u00f3 p\u00fablica \u201cper una targeta de visita de constructores i fons d\u2019inversi\u00f3\u201d i ha advertit que externalitzar el problema, fiant-ho tot a la iniciativa privada, i deixar a soles els consistoris \u201c\u00e9s un colp baix per als nostres majors i per als serveis a l\u2019interior, perqu\u00e8 cap fons d\u2019inversi\u00f3 vindr\u00e0 a un poble xicotet si no pot fer caixa\u201d.<\/p>\n\n\n\n<p>A este respecte, ha recriminat al PP que \u201cvulga fer negoci amb una necessitat b\u00e0sica\u201d deixant en mans exclusives d\u2019empresaris i fons voltor la construcci\u00f3 d\u2019uns recursos que haurien d\u2019estar garantits per l\u2019administraci\u00f3 i ha advertit que, aix\u00f2, \u201c\u00e9s una bombolla que acabar\u00e0 esclatant en les mans de moltes fam\u00edlies, a les que deixar\u00e0 amb les butxaques tremolant si volen una pla\u00e7a perqu\u00e8 els tocar\u00e0 pagar quotes totalment inassumibles\u201d, ha afirmat.<\/p>\n\n\n\n<p>\u201cPer\u00f2 \u00e9s que no hi ha alternativa a este model privat perqu\u00e8 s\u2019han carregat el Pla Convivint de Ximo Puig a Castell\u00f3, que preveia una inversi\u00f3 de 200 milions d\u2019euros p\u00fablics i un centenar de recursos repartits per tota la prov\u00edncia. Amb aix\u00f2 s\u2019ha esfumat la garantia de tindre una resid\u00e8ncia p\u00fablica a un m\u00e0xim de 20 minuts de casa i s\u2019ha imposat el \u2018campe qui puga\u2019. En este sentit, ha recordat que l\u2019\u00fanica obra que el PP s\u2019ha preocupat de rescatar i anunciar del Convivint \u00e9s, precisament, el centre de dia de la Vall d\u2019Alba, municipi de la presidenta provincial del PP, Marta Barrachina. \u201c\u00c9s el model del PP de sempre: primer els amics i ells; despr\u00e9s, si \u00e9s que sobra alguna cosa, la gent\u201d, ha afegit, en refer\u00e8ncia tamb\u00e9 a l\u2019esc\u00e0ndol d\u2019adjudicacions de pisos de luxe investigat a Alacant.<\/p>\n\n\n\n<p>Finalment, la vicesecret\u00e0ria general ha assegurat que la Generalitat \u201cfa massa temps que est\u00e0 desapareguda\u201d i ha defensat que Diana Morant, com a presidenta, refor\u00e7ar\u00e0 la proximitat de les cures i posar\u00e0 fre a la sagnia d\u2019oferta p\u00fablica que est\u00e0 encarint el servei. \u201cSom una societat cada dia m\u00e9s envellida i el PP no ha fet res en m\u00e9s de dos anys i mig per a ampliar de veritat les places p\u00fabliques. Si ells no ho fan, ho farem nosaltres\u201d, ha concl\u00f2s.<\/p>\n","protected":false},"excerpt":{"rendered":"<p>El PSPV-PSOE acusa el PP de convertir les resid\u00e8ncies en una \u201coportunitat immobili\u00e0ria per als amics\u201d i substituir la planificaci\u00f3 p\u00fablica per la \u201ctargeta de visita\u201d de constructores La vicesecret\u00e0ria general, Tania Ba\u00f1os, reprotxa al Consell que inste els alcaldes i alcaldesses a \u201cbuscar-se un empresari\u201d si volen equipaments sociosanitaris i adverteix que deixar l\u2019ampliaci\u00f3 &#8230; <a title=\"El PSPV-PSOE acusa el PP de convertir les resid\u00e8ncies en una \u201coportunitat immobili\u00e0ria per als amics\u201d i substituir la planificaci\u00f3 p\u00fablica per la \u201ctargeta de visita\u201d de constructores\" class=\"read-more\" href=\"https:\/\/elcafedepipa.com\/index.php\/2026\/03\/16\/el-pspv-psoe-acusa-el-pp-de-convertir-les-residencies-en-una-oportunitat-immobiliaria-per-als-amics-i-substituir-la-planificacio-publica-per-la-targeta-de-visita-de\/\" aria-label=\"M\u00e9s informaci\u00f3 sobre El PSPV-PSOE acusa el PP de convertir les resid\u00e8ncies en una \u201coportunitat immobili\u00e0ria per als amics\u201d i substituir la planificaci\u00f3 p\u00fablica per la \u201ctargeta de visita\u201d de constructores\">Read more<\/a><\/p>\n","protected":false},"author":2,"featured_media":22781,"comment_status":"closed","ping_status":"closed","sticky":false,"template":"","format":"standard","meta":{"om_disable_all_campaigns":false,"_monsterinsights_skip_tracking":false,"_monsterinsights_sitenote_active":false,"_monsterinsights_sitenote_note":"","_monsterinsights_sitenote_category":0,"_uf_show_specific_survey":0,"_uf_disable_surveys":false,"footnotes":""},"categories":[10],"tags":[],"class_list":["post-22780","post","type-post","status-publish","format-standard","has-post-thumbnail","hentry","category-provinciadecastello"],"_links":{"self":[{"href":"https:\/\/elcafedepipa.com\/index.php\/wp-json\/wp\/v2\/posts\/22780","targetHints":{"allow":["GET"]}}],"collection":[{"href":"https:\/\/elcafedepipa.com\/index.php\/wp-json\/wp\/v2\/posts"}],"about":[{"href":"https:\/\/elcafedepipa.com\/index.php\/wp-json\/wp\/v2\/types\/post"}],"author":[{"embeddable":true,"href":"https:\/\/elcafedepipa.com\/index.php\/wp-json\/wp\/v2\/users\/2"}],"replies":[{"embeddable":true,"href":"https:\/\/elcafedepipa.com\/index.php\/wp-json\/wp\/v2\/comments?post=22780"}],"version-history":[{"count":1,"href":"https:\/\/elcafedepipa.com\/index.php\/wp-json\/wp\/v2\/posts\/22780\/revisions"}],"predecessor-version":[{"id":22782,"href":"https:\/\/elcafedepipa.com\/index.php\/wp-json\/wp\/v2\/posts\/22780\/revisions\/22782"}],"wp:featuredmedia":[{"embeddable":true,"href":"https:\/\/elcafedepipa.com\/index.php\/wp-json\/wp\/v2\/media\/22781"}],"wp:attachment":[{"href":"https:\/\/elcafedepipa.com\/index.php\/wp-json\/wp\/v2\/media?parent=22780"}],"wp:term":[{"taxonomy":"category","embeddable":true,"href":"https:\/\/elcafedepipa.com\/index.php\/wp-json\/wp\/v2\/categories?post=22780"},{"taxonomy":"post_tag","embeddable":true,"href":"https:\/\/elcafedepipa.com\/index.php\/wp-json\/wp\/v2\/tags?post=22780"}],"curies":[{"name":"wp","href":"https:\/\/api.w.org\/{rel}","templated":true}]}}