{"id":22777,"date":"2026-03-16T11:59:05","date_gmt":"2026-03-16T10:59:05","guid":{"rendered":"https:\/\/elcafedepipa.com\/?p=22777"},"modified":"2026-03-16T11:59:15","modified_gmt":"2026-03-16T10:59:15","slug":"marta-barrachina-exigix-rebaixar-impostos-i-abaratirla-factura-de-la-llum-per-a-protegir-les-families-i-alssectors-productius-de-la-provincia-de-castello","status":"publish","type":"post","link":"https:\/\/elcafedepipa.com\/index.php\/2026\/03\/16\/marta-barrachina-exigix-rebaixar-impostos-i-abaratirla-factura-de-la-llum-per-a-protegir-les-families-i-alssectors-productius-de-la-provincia-de-castello\/","title":{"rendered":"Marta Barrachina exigix &#8220;rebaixar impostos i abaratirla factura de la llum per a protegir les fam\u00edlies i alssectors productius de la prov\u00edncia de Castell\u00f3&#8221;"},"content":{"rendered":"\n<p><strong>&nbsp;<\/strong>La presidenta provincial del PPCS, Marta Barrachina, ha exigit la rebaixa d&#8217;impostos i l&#8217;abaratiment de la factura de la llum amb l&#8217;objectiu de protegir les fam\u00edlies i als sectors productius de la prov\u00edncia de Castell\u00f3. &#8220;El nostre no s\u00f3n anuncis, s\u00f3n fets&#8221;, ha declarat. I per a aconseguir objectius, el PPCS ha elaborat una iniciativa que s&#8217;elevar\u00e0 a la Diputaci\u00f3 i als ajuntaments de la prov\u00edncia que exigix &#8220;protecci\u00f3 i ajudes enfront d&#8217;un PSOE que ha encarit la vida un 25% des que governa&#8221;.&nbsp;<\/p>\n\n\n\n<p>&#8220;Els castellonencs fan la compra amb por perqu\u00e8 cada vegada resulta m\u00e9s cara. I a aix\u00f2 se suma ara acudir a omplir el dep\u00f2sit. I este \u00e9s un problema que no sols afecta al dom\u00e8stic, sin\u00f3 que \u00e9s conjuntural i ataca directament al sector primari i industrial. El sanchisme \u00e9s l&#8217;ombra que amena\u00e7a i provoca p\u00e8rdues. Nosaltres volem que Espanya i la prov\u00edncia guanyen&#8221;, afirma la l\u00edder provincial.<\/p>\n\n\n\n<p>Marta Barrachina ha declarat que &#8220;el PP \u00e9s un partit de govern. I esta iniciativa exigix solucions realistes i pr\u00e0ctiques a un problema que no \u00e9s nou per\u00f2 que ara s&#8217;agreuja. I esta situaci\u00f3 &#8220;que asfixia a les fam\u00edlies&#8221; tamb\u00e9 castiga el teixit productiu. &#8220;Ells tamb\u00e9 mereixen rebaixes i ajudes&#8221;, ha declarat.&nbsp;<\/p>\n\n\n\n<p><strong>Un pla de solucions<\/strong><\/p>\n\n\n\n<p>La soluci\u00f3 que planteja el PP passa per &#8220;governar per a tots&#8221; enfront dels qui &#8220;resistixen per a protegir-se a si mateixos&#8221;. &#8220;La nostra terra no ha de parar. I per aix\u00f2 exigim ajudes per a les fam\u00edlies amb l&#8217;objectiu que recuperen poder adquisitiu&#8221;.&nbsp;<\/p>\n\n\n\n<p>\u00c9s viable a trav\u00e9s de rebaixes en la factura de la llum, amb l&#8217;eliminaci\u00f3 de l&#8217;Impost a la Producci\u00f3 El\u00e8ctrica i aprofitant els ingressos derivats del CO\u2082. Exigixen l&#8217;IVA redu\u00eft en electricitat i gas, aix\u00ed com rebaixar l&#8217;IVA en combustibles i traduir-lo en estalvis en l&#8217;IRPF.<\/p>\n\n\n\n<p>Accions tamb\u00e9 dirigides als sectors productius. &#8220;Agricultura, transport i pesca mereixen bonificacions en el combustible, reduir l&#8217;IVA del gasoil agr\u00edcola i mesures que retallen els costos de producci\u00f3&#8221;. I tot aix\u00f2 sense oblidar a la cer\u00e0mica, que empra 70.000 castellonencs de manera directa i indirecta. &#8220;Ha de competir en igualtat amb Europa i cada dia que passa sense mesures del Govern d&#8217;Espanya la situaci\u00f3 s&#8217;agreuja i complica&#8221;, ha manifestat Marta Barrachina.&nbsp;<\/p>\n","protected":false},"excerpt":{"rendered":"<p>&nbsp;La presidenta provincial del PPCS, Marta Barrachina, ha exigit la rebaixa d&#8217;impostos i l&#8217;abaratiment de la factura de la llum amb l&#8217;objectiu de protegir les fam\u00edlies i als sectors productius de la prov\u00edncia de Castell\u00f3. &#8220;El nostre no s\u00f3n anuncis, s\u00f3n fets&#8221;, ha declarat. I per a aconseguir objectius, el PPCS ha elaborat una iniciativa &#8230; <a title=\"Marta Barrachina exigix &#8220;rebaixar impostos i abaratirla factura de la llum per a protegir les fam\u00edlies i alssectors productius de la prov\u00edncia de Castell\u00f3&#8221;\" class=\"read-more\" href=\"https:\/\/elcafedepipa.com\/index.php\/2026\/03\/16\/marta-barrachina-exigix-rebaixar-impostos-i-abaratirla-factura-de-la-llum-per-a-protegir-les-families-i-alssectors-productius-de-la-provincia-de-castello\/\" aria-label=\"M\u00e9s informaci\u00f3 sobre Marta Barrachina exigix &#8220;rebaixar impostos i abaratirla factura de la llum per a protegir les fam\u00edlies i alssectors productius de la prov\u00edncia de Castell\u00f3&#8221;\">Read more<\/a><\/p>\n","protected":false},"author":2,"featured_media":22778,"comment_status":"closed","ping_status":"closed","sticky":false,"template":"","format":"standard","meta":{"om_disable_all_campaigns":false,"_monsterinsights_skip_tracking":false,"_monsterinsights_sitenote_active":false,"_monsterinsights_sitenote_note":"","_monsterinsights_sitenote_category":0,"_uf_show_specific_survey":0,"_uf_disable_surveys":false,"footnotes":""},"categories":[10],"tags":[],"class_list":["post-22777","post","type-post","status-publish","format-standard","has-post-thumbnail","hentry","category-provinciadecastello"],"_links":{"self":[{"href":"https:\/\/elcafedepipa.com\/index.php\/wp-json\/wp\/v2\/posts\/22777","targetHints":{"allow":["GET"]}}],"collection":[{"href":"https:\/\/elcafedepipa.com\/index.php\/wp-json\/wp\/v2\/posts"}],"about":[{"href":"https:\/\/elcafedepipa.com\/index.php\/wp-json\/wp\/v2\/types\/post"}],"author":[{"embeddable":true,"href":"https:\/\/elcafedepipa.com\/index.php\/wp-json\/wp\/v2\/users\/2"}],"replies":[{"embeddable":true,"href":"https:\/\/elcafedepipa.com\/index.php\/wp-json\/wp\/v2\/comments?post=22777"}],"version-history":[{"count":1,"href":"https:\/\/elcafedepipa.com\/index.php\/wp-json\/wp\/v2\/posts\/22777\/revisions"}],"predecessor-version":[{"id":22779,"href":"https:\/\/elcafedepipa.com\/index.php\/wp-json\/wp\/v2\/posts\/22777\/revisions\/22779"}],"wp:featuredmedia":[{"embeddable":true,"href":"https:\/\/elcafedepipa.com\/index.php\/wp-json\/wp\/v2\/media\/22778"}],"wp:attachment":[{"href":"https:\/\/elcafedepipa.com\/index.php\/wp-json\/wp\/v2\/media?parent=22777"}],"wp:term":[{"taxonomy":"category","embeddable":true,"href":"https:\/\/elcafedepipa.com\/index.php\/wp-json\/wp\/v2\/categories?post=22777"},{"taxonomy":"post_tag","embeddable":true,"href":"https:\/\/elcafedepipa.com\/index.php\/wp-json\/wp\/v2\/tags?post=22777"}],"curies":[{"name":"wp","href":"https:\/\/api.w.org\/{rel}","templated":true}]}}