{"id":22768,"date":"2026-03-16T11:05:54","date_gmt":"2026-03-16T10:05:54","guid":{"rendered":"https:\/\/elcafedepipa.com\/?p=22768"},"modified":"2026-03-16T11:06:05","modified_gmt":"2026-03-16T10:06:05","slug":"la-diputacio-de-castello-reforca-els-treballs-de-prevencio-contra-els-mosquits-en-la-zona-del-litoral","status":"publish","type":"post","link":"https:\/\/elcafedepipa.com\/index.php\/2026\/03\/16\/la-diputacio-de-castello-reforca-els-treballs-de-prevencio-contra-els-mosquits-en-la-zona-del-litoral\/","title":{"rendered":"La Diputaci\u00f3 de Castell\u00f3 refor\u00e7a els treballs de prevenci\u00f3 contra els mosquits en la zona del litoral"},"content":{"rendered":"\n<p>La Diputaci\u00f3 Provincial de Castell\u00f3 refor\u00e7a els treballs de prevenci\u00f3 contra els mosquits en la zona del litoral despr\u00e9s de les pluges registrades en els \u00faltims dies, que han provocat la inundaci\u00f3 de diferents zones de marjal.<\/p>\n\n\n\n<p>El Servei de Control de Mosquits de la instituci\u00f3 provincial ha actuat amb rapidesa i de manera coordinada \u201cper a evitar la proliferaci\u00f3 d&#8217;estos insectes i minimitzar les mol\u00e8sties a la ciutadania\u201d, ha assenyalat el diputat de Medi Natural, Jos\u00e9 Mar\u00eda Andr\u00e9s.<\/p>\n\n\n\n<p>En este sentit, el diputat provincial ha posat l&#8217;accent que \u201cdes de la Diputaci\u00f3 de Castell\u00f3 mantenim constantment la supervisi\u00f3 d&#8217;estes zones per a previndre i detectar prematurament els primers estats larvaris i realitzar els tractaments larvicides per a aconseguir una major efic\u00e0cia en el control\u201d.<\/p>\n\n\n\n<p>I \u00e9s que, tal com ha incidit Jos\u00e9 Mar\u00eda Andr\u00e9s, \u201cel mosquit no es combat \u00fanicament quan es convertix en una mol\u00e8stia, la clau est\u00e0 en la prevenci\u00f3 permanent\u201d. Sens dubte, la prevenci\u00f3, la vigil\u00e0ncia i el tractament primerenc dels primers focus \u00e9s fonamental \u201cper a avan\u00e7ar-nos a la seua proliferaci\u00f3\u201d, ha afegit el diputat.<\/p>\n\n\n\n<p>Durant tot l&#8217;any, el Servei de Control de Mosquits de la Diputaci\u00f3 de Castell\u00f3 realitza una gran labor de prevenci\u00f3 i control de mosquits. \u201cEls 365 dies de l&#8217;any, els equips t\u00e8cnics duen a terme una vigil\u00e0ncia cont\u00ednua i tractaments espec\u00edfics, intensificant-se en per\u00edodes de major risc per a minimitzar les mol\u00e8sties a la poblaci\u00f3 i reduir la pres\u00e8ncia d&#8217;estos insectes en els 135 municipis de Castell\u00f3\u201d, ha explicat Jos\u00e9 Mar\u00eda Andr\u00e9s.<\/p>\n\n\n\n<p>Al respecte, el diputat provincial ha posat en valor el gran treball de tot el servei, insistint que \u201cla participaci\u00f3 ciutadana \u00e9s una arma fonamental en la lluita contra la propagaci\u00f3 dels mosquits\u201d. Per a Jos\u00e9 Mar\u00eda Andr\u00e9s, la col\u00b7laboraci\u00f3 de la poblaci\u00f3 \u00e9s \u201cclau\u201d per a evitar la proliferaci\u00f3 de mosquits, per la qual cosa ha recordat la import\u00e0ncia de revisar tests, cubs i piscines en espais privats.<\/p>\n\n\n\n<p>\u201cEn la lluita contra els mosquits hem d&#8217;anar tots de la m\u00e0, els ciutadans i les administracions\u201d, ha ressaltat Jos\u00e9 Mar\u00eda Andr\u00e9s, qui ha anunciat que des de la Diputaci\u00f3 de Castell\u00f3 s&#8217;han organitzat jornades de coordinaci\u00f3 amb els ajuntaments per a programar i coordinar les actuacions d&#8217;enguany, aix\u00ed com promoci\u00f3 de xarrades dirigides a la ciutadania, amb especial enfocament als centres educatius i personal municipal.<\/p>\n\n\n\n<p>La prevenci\u00f3, la coordinaci\u00f3 i la conscienciaci\u00f3 s\u00f3n les ferramentes m\u00e9s eficaces per a frenar l&#8217;expansi\u00f3 d&#8217;estos insectes. D&#8217;esta manera, el diputat de Medi Natural ha reiterat el comprom\u00eds de la instituci\u00f3 provincial per a \u201ccontinuar refor\u00e7ant les campanyes de control i sensibilitzaci\u00f3\u201d.<\/p>\n\n\n\n<p><\/p>\n","protected":false},"excerpt":{"rendered":"<p>La Diputaci\u00f3 Provincial de Castell\u00f3 refor\u00e7a els treballs de prevenci\u00f3 contra els mosquits en la zona del litoral despr\u00e9s de les pluges registrades en els \u00faltims dies, que han provocat la inundaci\u00f3 de diferents zones de marjal. El Servei de Control de Mosquits de la instituci\u00f3 provincial ha actuat amb rapidesa i de manera coordinada &#8230; <a title=\"La Diputaci\u00f3 de Castell\u00f3 refor\u00e7a els treballs de prevenci\u00f3 contra els mosquits en la zona del litoral\" class=\"read-more\" href=\"https:\/\/elcafedepipa.com\/index.php\/2026\/03\/16\/la-diputacio-de-castello-reforca-els-treballs-de-prevencio-contra-els-mosquits-en-la-zona-del-litoral\/\" aria-label=\"M\u00e9s informaci\u00f3 sobre La Diputaci\u00f3 de Castell\u00f3 refor\u00e7a els treballs de prevenci\u00f3 contra els mosquits en la zona del litoral\">Read more<\/a><\/p>\n","protected":false},"author":2,"featured_media":22769,"comment_status":"closed","ping_status":"closed","sticky":false,"template":"","format":"standard","meta":{"om_disable_all_campaigns":false,"_monsterinsights_skip_tracking":false,"_monsterinsights_sitenote_active":false,"_monsterinsights_sitenote_note":"","_monsterinsights_sitenote_category":0,"_uf_show_specific_survey":0,"_uf_disable_surveys":false,"footnotes":""},"categories":[10],"tags":[],"class_list":["post-22768","post","type-post","status-publish","format-standard","has-post-thumbnail","hentry","category-provinciadecastello"],"_links":{"self":[{"href":"https:\/\/elcafedepipa.com\/index.php\/wp-json\/wp\/v2\/posts\/22768","targetHints":{"allow":["GET"]}}],"collection":[{"href":"https:\/\/elcafedepipa.com\/index.php\/wp-json\/wp\/v2\/posts"}],"about":[{"href":"https:\/\/elcafedepipa.com\/index.php\/wp-json\/wp\/v2\/types\/post"}],"author":[{"embeddable":true,"href":"https:\/\/elcafedepipa.com\/index.php\/wp-json\/wp\/v2\/users\/2"}],"replies":[{"embeddable":true,"href":"https:\/\/elcafedepipa.com\/index.php\/wp-json\/wp\/v2\/comments?post=22768"}],"version-history":[{"count":1,"href":"https:\/\/elcafedepipa.com\/index.php\/wp-json\/wp\/v2\/posts\/22768\/revisions"}],"predecessor-version":[{"id":22770,"href":"https:\/\/elcafedepipa.com\/index.php\/wp-json\/wp\/v2\/posts\/22768\/revisions\/22770"}],"wp:featuredmedia":[{"embeddable":true,"href":"https:\/\/elcafedepipa.com\/index.php\/wp-json\/wp\/v2\/media\/22769"}],"wp:attachment":[{"href":"https:\/\/elcafedepipa.com\/index.php\/wp-json\/wp\/v2\/media?parent=22768"}],"wp:term":[{"taxonomy":"category","embeddable":true,"href":"https:\/\/elcafedepipa.com\/index.php\/wp-json\/wp\/v2\/categories?post=22768"},{"taxonomy":"post_tag","embeddable":true,"href":"https:\/\/elcafedepipa.com\/index.php\/wp-json\/wp\/v2\/tags?post=22768"}],"curies":[{"name":"wp","href":"https:\/\/api.w.org\/{rel}","templated":true}]}}