{"id":22762,"date":"2026-03-16T09:19:22","date_gmt":"2026-03-16T08:19:22","guid":{"rendered":"https:\/\/elcafedepipa.com\/?p=22762"},"modified":"2026-03-16T09:19:32","modified_gmt":"2026-03-16T08:19:32","slug":"lajuntament-de-la-vall-duixo-convoca-4-places-dauxiliar-administratiu-va-per-oposicio-lliure","status":"publish","type":"post","link":"https:\/\/elcafedepipa.com\/index.php\/2026\/03\/16\/lajuntament-de-la-vall-duixo-convoca-4-places-dauxiliar-administratiu-va-per-oposicio-lliure\/","title":{"rendered":"L\u2019Ajuntament de la Vall d\u2019Uix\u00f3 convoca 4 places d\u2019auxiliar administratiu\/va per oposici\u00f3 lliure"},"content":{"rendered":"\n<p><strong>El termini de presentaci\u00f3 de sol\u00b7licituds estar\u00e0 obert fins al 26 de mar\u00e7<\/strong><br><br>L\u2019Ajuntament de la Vall d\u2019Uix\u00f3 ha publicat en el Butllet\u00ed Oficial de l\u2019Estat (BOE) la convocat\u00f2ria de quatre places d\u2019auxiliar administratiu o administrativa, que es cobriran mitjan\u00e7ant sistema d\u2019oposici\u00f3 en torn lliure. El termini de presentaci\u00f3 de sol\u00b7licituds estar\u00e0 obert\u00a0fins\u00a0al 26 de mar\u00e7.<\/p>\n\n\n\n<p><br>La regidora de Recursos Humans, Zaida Moreno, ha destacat que esta convocat\u00f2ria forma part del treball del consistori \u201cper refor\u00e7ar la plantilla municipal i millorar l\u2019atenci\u00f3 a la ciutadania\u201d, garantint al mateix temps \u201cprocessos selectius transparents i basats en els principis d\u2019igualtat, m\u00e8rit i capacitat\u201d.<\/p>\n\n\n\n<p><br>El proc\u00e9s selectiu constar\u00e0 de tres exercicis: un q\u00fcestionari tipus test de 50 preguntes, un exercici pr\u00e0ctic relacionat amb les funcions del lloc de treball i una prova de valenci\u00e0, que ser\u00e0 obligat\u00f2ria per\u00f2 no eliminat\u00f2ria.<\/p>\n\n\n\n<p><br>Per a poder participar en el proc\u00e9s ser\u00e0 necessari disposar, com a m\u00ednim, del t\u00edtol d\u2019Educaci\u00f3 Secund\u00e0ria Obligat\u00f2ria (ESO) o equivalent, aix\u00ed com complir la resta de requisits generals per a l\u2019acc\u00e9s a l\u2019ocupaci\u00f3 p\u00fablica establits en les bases.<\/p>\n\n\n\n<p><br>El termini de presentaci\u00f3 de sol\u00b7licituds es tancar\u00e0 el 26 de mar\u00e7 de 2026 i les persones interessades hauran de realitzar la inscripci\u00f3 a trav\u00e9s de la seu electr\u00f2nica de l\u2019Ajuntament de la Vall d\u2019Uix\u00f3, abonant la corresponent taxa d\u2019examen de 24,65 euros.<\/p>\n\n\n\n<p><br>Moreno ha animat \u201ctotes les persones interessades a presentar-se a esta convocat\u00f2ria, que representa una oportunitat d\u2019accedir a una ocupaci\u00f3 p\u00fablica estable i de contribuir al servei p\u00fablic en la nostra ciutat\u201d.<\/p>\n\n\n\n<p><br>Tota la informaci\u00f3 sobre la convocat\u00f2ria, aix\u00ed com els enlla\u00e7os per a realitzar la inscripci\u00f3, es pot consultar en la web municipal:&nbsp;<a href=\"https:\/\/www.lavallduixo.es\/es\/empleo-y-formacion\/convocatoria-cuatro-plazas-auxiliar-administrativoa-turno-libre\">https:\/\/www.lavallduixo.es\/es\/empleo-y-formacion\/convocatoria-cuatro-plazas-auxiliar-administrativoa-turno-libre<\/a><\/p>\n","protected":false},"excerpt":{"rendered":"<p>El termini de presentaci\u00f3 de sol\u00b7licituds estar\u00e0 obert fins al 26 de mar\u00e7 L\u2019Ajuntament de la Vall d\u2019Uix\u00f3 ha publicat en el Butllet\u00ed Oficial de l\u2019Estat (BOE) la convocat\u00f2ria de quatre places d\u2019auxiliar administratiu o administrativa, que es cobriran mitjan\u00e7ant sistema d\u2019oposici\u00f3 en torn lliure. El termini de presentaci\u00f3 de sol\u00b7licituds estar\u00e0 obert\u00a0fins\u00a0al 26 de &#8230; <a title=\"L\u2019Ajuntament de la Vall d\u2019Uix\u00f3 convoca 4 places d\u2019auxiliar administratiu\/va per oposici\u00f3 lliure\" class=\"read-more\" href=\"https:\/\/elcafedepipa.com\/index.php\/2026\/03\/16\/lajuntament-de-la-vall-duixo-convoca-4-places-dauxiliar-administratiu-va-per-oposicio-lliure\/\" aria-label=\"M\u00e9s informaci\u00f3 sobre L\u2019Ajuntament de la Vall d\u2019Uix\u00f3 convoca 4 places d\u2019auxiliar administratiu\/va per oposici\u00f3 lliure\">Read more<\/a><\/p>\n","protected":false},"author":2,"featured_media":22763,"comment_status":"closed","ping_status":"closed","sticky":false,"template":"","format":"standard","meta":{"om_disable_all_campaigns":false,"_monsterinsights_skip_tracking":false,"_monsterinsights_sitenote_active":false,"_monsterinsights_sitenote_note":"","_monsterinsights_sitenote_category":0,"_uf_show_specific_survey":0,"_uf_disable_surveys":false,"footnotes":""},"categories":[2],"tags":[],"class_list":["post-22762","post","type-post","status-publish","format-standard","has-post-thumbnail","hentry","category-lavallduixo"],"_links":{"self":[{"href":"https:\/\/elcafedepipa.com\/index.php\/wp-json\/wp\/v2\/posts\/22762","targetHints":{"allow":["GET"]}}],"collection":[{"href":"https:\/\/elcafedepipa.com\/index.php\/wp-json\/wp\/v2\/posts"}],"about":[{"href":"https:\/\/elcafedepipa.com\/index.php\/wp-json\/wp\/v2\/types\/post"}],"author":[{"embeddable":true,"href":"https:\/\/elcafedepipa.com\/index.php\/wp-json\/wp\/v2\/users\/2"}],"replies":[{"embeddable":true,"href":"https:\/\/elcafedepipa.com\/index.php\/wp-json\/wp\/v2\/comments?post=22762"}],"version-history":[{"count":1,"href":"https:\/\/elcafedepipa.com\/index.php\/wp-json\/wp\/v2\/posts\/22762\/revisions"}],"predecessor-version":[{"id":22764,"href":"https:\/\/elcafedepipa.com\/index.php\/wp-json\/wp\/v2\/posts\/22762\/revisions\/22764"}],"wp:featuredmedia":[{"embeddable":true,"href":"https:\/\/elcafedepipa.com\/index.php\/wp-json\/wp\/v2\/media\/22763"}],"wp:attachment":[{"href":"https:\/\/elcafedepipa.com\/index.php\/wp-json\/wp\/v2\/media?parent=22762"}],"wp:term":[{"taxonomy":"category","embeddable":true,"href":"https:\/\/elcafedepipa.com\/index.php\/wp-json\/wp\/v2\/categories?post=22762"},{"taxonomy":"post_tag","embeddable":true,"href":"https:\/\/elcafedepipa.com\/index.php\/wp-json\/wp\/v2\/tags?post=22762"}],"curies":[{"name":"wp","href":"https:\/\/api.w.org\/{rel}","templated":true}]}}