{"id":22759,"date":"2026-03-16T09:17:10","date_gmt":"2026-03-16T08:17:10","guid":{"rendered":"https:\/\/elcafedepipa.com\/?p=22759"},"modified":"2026-03-16T09:17:21","modified_gmt":"2026-03-16T08:17:21","slug":"el-pp-acusa-el-psoe-dabandonar-les-platges-de-nules-despres-del-pas-dharry-a-escassos-quinze-dies-de-setmana-santa-i-pasqua","status":"publish","type":"post","link":"https:\/\/elcafedepipa.com\/index.php\/2026\/03\/16\/el-pp-acusa-el-psoe-dabandonar-les-platges-de-nules-despres-del-pas-dharry-a-escassos-quinze-dies-de-setmana-santa-i-pasqua\/","title":{"rendered":"El PP acusa el PSOE &#8220;d&#8217;abandonar les platges de Nules despr\u00e9s del pas d&#8217;Harry a escassos quinze dies de Setmana Santa i Pasqua&#8221;"},"content":{"rendered":"\n<p>El pas de la borrasca Harry per Nules va provocar destrosses de gravetat. Danys sumats a la falta d&#8217;inversions i l&#8217;aband\u00f3 de \u201cunes platges familiars i \u00faniques\u201d que hui evidencien \u201cuna degradaci\u00f3 que ens fa mal\u201d.<\/p>\n\n\n\n<p>El president del PP a Nules i portaveu en el consistori, Miguel \u00c1ngel Mart\u00ednez Mont\u00e9s, ha lamentat &#8220;el castic&#8221; que, en la seua opini\u00f3, exercix el Govern d&#8217;Espanya sobre les platges de la localitat. \u201cEstem a les portes de la temporada vacacional de Setmana Santa i Pasqua. I en estos moments l&#8217;estat del nostre litoral \u00e9s lamentable\u201d.<\/p>\n\n\n\n<p>De poc servix, assenyala Mart\u00ednez Mont\u00e9s, \u201cels anuncis vagues del PSOE\u201d. Els 1,2 milions d&#8217;euros a distribuir entre 8 localitats en 9 mesos per a \u201caportar graves i restablir dunes no reparen els danys causats en infraestructures. \u00c9s que no s\u00f3n conscients del que ha ocorregut?\u201d, es planteja el portaveu del PP en la localitat.<\/p>\n\n\n\n<p>En este sentit, \u201cel que demanem \u00e9s senzillament que el Govern d&#8217;Espanya actue. Que no diga ac\u00ed una cosa i a Madrid fa\u00e7a la contr\u00e0ria. Que assumisca les seues compet\u00e8ncies i resolga els greus problemes que afecten el nostre litoral. I que Nules gaudisca d&#8217;unes platges en condicions \u00f2ptimes que \u00e9s el que mereixen els nostres ve\u00efns\u201d, ha concl\u00f2s el regidor.<\/p>\n\n\n\n<p><\/p>\n","protected":false},"excerpt":{"rendered":"<p>El pas de la borrasca Harry per Nules va provocar destrosses de gravetat. Danys sumats a la falta d&#8217;inversions i l&#8217;aband\u00f3 de \u201cunes platges familiars i \u00faniques\u201d que hui evidencien \u201cuna degradaci\u00f3 que ens fa mal\u201d. El president del PP a Nules i portaveu en el consistori, Miguel \u00c1ngel Mart\u00ednez Mont\u00e9s, ha lamentat &#8220;el castic&#8221; &#8230; <a title=\"El PP acusa el PSOE &#8220;d&#8217;abandonar les platges de Nules despr\u00e9s del pas d&#8217;Harry a escassos quinze dies de Setmana Santa i Pasqua&#8221;\" class=\"read-more\" href=\"https:\/\/elcafedepipa.com\/index.php\/2026\/03\/16\/el-pp-acusa-el-psoe-dabandonar-les-platges-de-nules-despres-del-pas-dharry-a-escassos-quinze-dies-de-setmana-santa-i-pasqua\/\" aria-label=\"M\u00e9s informaci\u00f3 sobre El PP acusa el PSOE &#8220;d&#8217;abandonar les platges de Nules despr\u00e9s del pas d&#8217;Harry a escassos quinze dies de Setmana Santa i Pasqua&#8221;\">Read more<\/a><\/p>\n","protected":false},"author":2,"featured_media":22760,"comment_status":"closed","ping_status":"closed","sticky":false,"template":"","format":"standard","meta":{"om_disable_all_campaigns":false,"_monsterinsights_skip_tracking":false,"_monsterinsights_sitenote_active":false,"_monsterinsights_sitenote_note":"","_monsterinsights_sitenote_category":0,"_uf_show_specific_survey":0,"_uf_disable_surveys":false,"footnotes":""},"categories":[3],"tags":[],"class_list":["post-22759","post","type-post","status-publish","format-standard","has-post-thumbnail","hentry","category-nules"],"_links":{"self":[{"href":"https:\/\/elcafedepipa.com\/index.php\/wp-json\/wp\/v2\/posts\/22759","targetHints":{"allow":["GET"]}}],"collection":[{"href":"https:\/\/elcafedepipa.com\/index.php\/wp-json\/wp\/v2\/posts"}],"about":[{"href":"https:\/\/elcafedepipa.com\/index.php\/wp-json\/wp\/v2\/types\/post"}],"author":[{"embeddable":true,"href":"https:\/\/elcafedepipa.com\/index.php\/wp-json\/wp\/v2\/users\/2"}],"replies":[{"embeddable":true,"href":"https:\/\/elcafedepipa.com\/index.php\/wp-json\/wp\/v2\/comments?post=22759"}],"version-history":[{"count":1,"href":"https:\/\/elcafedepipa.com\/index.php\/wp-json\/wp\/v2\/posts\/22759\/revisions"}],"predecessor-version":[{"id":22761,"href":"https:\/\/elcafedepipa.com\/index.php\/wp-json\/wp\/v2\/posts\/22759\/revisions\/22761"}],"wp:featuredmedia":[{"embeddable":true,"href":"https:\/\/elcafedepipa.com\/index.php\/wp-json\/wp\/v2\/media\/22760"}],"wp:attachment":[{"href":"https:\/\/elcafedepipa.com\/index.php\/wp-json\/wp\/v2\/media?parent=22759"}],"wp:term":[{"taxonomy":"category","embeddable":true,"href":"https:\/\/elcafedepipa.com\/index.php\/wp-json\/wp\/v2\/categories?post=22759"},{"taxonomy":"post_tag","embeddable":true,"href":"https:\/\/elcafedepipa.com\/index.php\/wp-json\/wp\/v2\/tags?post=22759"}],"curies":[{"name":"wp","href":"https:\/\/api.w.org\/{rel}","templated":true}]}}