{"id":22740,"date":"2026-03-13T12:35:47","date_gmt":"2026-03-13T11:35:47","guid":{"rendered":"https:\/\/elcafedepipa.com\/?p=22740"},"modified":"2026-03-13T12:35:56","modified_gmt":"2026-03-13T11:35:56","slug":"la-diputacio-de-castello-reforca-la-seguretat-del-camp-i-el-suport-als-municipis-de-menys-de-5-000-habitants-amb-el-servei-de-guarda-rural","status":"publish","type":"post","link":"https:\/\/elcafedepipa.com\/index.php\/2026\/03\/13\/la-diputacio-de-castello-reforca-la-seguretat-del-camp-i-el-suport-als-municipis-de-menys-de-5-000-habitants-amb-el-servei-de-guarda-rural\/","title":{"rendered":"La Diputaci\u00f3 de Castell\u00f3 refor\u00e7a la seguretat del camp i el suport als municipis de menys de 5.000 habitants amb el servei de guarda rural"},"content":{"rendered":"\n<ul class=\"wp-block-list\">\n<li><strong>La presidenta de la instituci\u00f3 provincial, Marta Barrachina, posa en valor este servei implantat per este Govern Provincial en 2024 amb l&#8217;objectiu de refor\u00e7ar la seguretat i evitar robatoris en les explotacions agr\u00edcoles. \u201cUna ferramenta \u00fatil per a previndre robatoris en el camp\u201d, assenyala<\/strong><\/li>\n\n\n\n<li>\u201c<strong>Es tracta d&#8217;un servei necessari i molt \u00fatil per a les localitats m\u00e9s xicotetes de la nostra terra, on el sector agr\u00edcola t\u00e9 un pes important i existix una \u00e0mplia superf\u00edcie de cultiu que requerix vigil\u00e0ncia i protecci\u00f3\u201d, destaca la dirigent provincial<\/strong><\/li>\n<\/ul>\n\n\n\n<p><strong>Castell\u00f3, 13 de mar\u00e7 de 2026<\/strong><strong>.&nbsp;<\/strong>La Diputaci\u00f3 Provincial de Castell\u00f3 refor\u00e7a la seguretat del camp i el suport als municipis de menys de 5.000 habitants amb el servei de guarda rural.<\/p>\n\n\n\n<p>\u201cUn servei necessari i molt \u00fatil per a les localitats m\u00e9s xicotetes de la nostra terra, on el sector agr\u00edcola t\u00e9 un pes important i existix una \u00e0mplia superf\u00edcie de cultiu que requerix vigil\u00e0ncia i protecci\u00f3\u201d. Aix\u00ed ho ha destacat la presidenta de la instituci\u00f3 provincial, Marta Barrachina, qui ha posat en valor este servei implantat per este Govern Provincial en 2024 amb l&#8217;objectiu de refor\u00e7ar la seguretat i evitar robatoris en les explotacions agr\u00edcoles.<\/p>\n\n\n\n<p>\u201cTreballem perqu\u00e8 els nostres agricultors desenvolupen el seu treball amb tranquil\u00b7litat i seguretat. I este servei ha demostrat ser una ferramenta \u00fatil per a previndre robatoris en el camp\u201d, ha assenyalat la dirigent provincial.<\/p>\n\n\n\n<p>En este sentit, la Junta de Govern ha aprovat les bases que regiran la concessi\u00f3 de subvencions a ajuntaments i entitats menors per a contractar el servei de vigil\u00e0ncia mitjan\u00e7ant guardes rurals a fi de vigilar i controlar els possibles furts en els cultius sense inc\u00f3rrer en compet\u00e8ncies d&#8217;agents mediambientals de la Generalitat Valenciana, cossos de seguretat auton\u00f2mics o estatals.<\/p>\n\n\n\n<p>Al respecte, la m\u00e0xima representant de la instituci\u00f3 provincial ha assegurat que cada any s\u00f3n m\u00e9s els ajuntaments que sol\u00b7liciten esta ajuda i ha animat a tots els municipis que complisquen els requisits a sumar-se a esta convocat\u00f2ria per a \u201ccontinuar refor\u00e7ant la seguretat i protegir les explotacions agr\u00edcoles de la nostra terra\u201d.<\/p>\n\n\n\n<p>Podran ser beneficiaris de la subvenci\u00f3 aquells ajuntaments o entitats locals menors de menys de 5.000 habitants, sense servei de vigil\u00e0ncia i en els quals el terme municipal tinga un m\u00ednim de 30% de la seua superf\u00edcie cultivada. A m\u00e9s, les subvencions objecte de la present convocat\u00f2ria es destinaran a la contractaci\u00f3 per part dels sol\u00b7licitants del servei de vigil\u00e0ncia i control enfront de furts de cultius i de repercussi\u00f3 provincial.<\/p>\n\n\n\n<p>\u201cAmb este servei, oferim m\u00e9s tranquil\u00b7litat als nostres agricultors i donem resposta a un dels problemes que m\u00e9s preocupa els castellonencs, com s\u00f3n els robatoris en el camp\u201d, ha subratllat Marta Barrachina.<\/p>\n\n\n\n<p>Per al present exercici, la Diputaci\u00f3 de Castell\u00f3 ha destinat 300.000 euros a esta l\u00ednia de subvencions. A m\u00e9s, la quantia de la subvenci\u00f3 no podr\u00e0 superar el 100% dels gastos subvencionables de l&#8217;activitat, sent la subvenci\u00f3 m\u00e0xima per beneficiari de 12.000 euros. \u201cUna quantitat econ\u00f2mica molt important que permetr\u00e0 als municipis millorar la vigil\u00e0ncia del camp i previndre robatoris\u201d, ha afegit la presidenta de la instituci\u00f3 provincial.<\/p>\n\n\n\n<p>Pel que respecta als criteris per a valorar les sol\u00b7licituds presentades, d&#8217;una banda es valorar\u00e0 el nombre d&#8217;habitants i, d&#8217;altra banda, el percentatge de superf\u00edcie cultivada respecte a la superf\u00edcie del municipi.<\/p>\n\n\n\n<p>Els interessats a conc\u00f3rrer en este procediment hauran de presentar les seues sol\u00b7licituds dins del termini de 20 dies naturals a comptar des de l&#8217;endem\u00e0 de la publicaci\u00f3 de l&#8217;extracte de la convocat\u00f2ria en el Butllet\u00ed Oficial de la Prov\u00edncia de Castell\u00f3.<\/p>\n","protected":false},"excerpt":{"rendered":"<p>Castell\u00f3, 13 de mar\u00e7 de 2026.&nbsp;La Diputaci\u00f3 Provincial de Castell\u00f3 refor\u00e7a la seguretat del camp i el suport als municipis de menys de 5.000 habitants amb el servei de guarda rural. \u201cUn servei necessari i molt \u00fatil per a les localitats m\u00e9s xicotetes de la nostra terra, on el sector agr\u00edcola t\u00e9 un pes important &#8230; <a title=\"La Diputaci\u00f3 de Castell\u00f3 refor\u00e7a la seguretat del camp i el suport als municipis de menys de 5.000 habitants amb el servei de guarda rural\" class=\"read-more\" href=\"https:\/\/elcafedepipa.com\/index.php\/2026\/03\/13\/la-diputacio-de-castello-reforca-la-seguretat-del-camp-i-el-suport-als-municipis-de-menys-de-5-000-habitants-amb-el-servei-de-guarda-rural\/\" aria-label=\"M\u00e9s informaci\u00f3 sobre La Diputaci\u00f3 de Castell\u00f3 refor\u00e7a la seguretat del camp i el suport als municipis de menys de 5.000 habitants amb el servei de guarda rural\">Read more<\/a><\/p>\n","protected":false},"author":2,"featured_media":22741,"comment_status":"closed","ping_status":"closed","sticky":false,"template":"","format":"standard","meta":{"om_disable_all_campaigns":false,"_monsterinsights_skip_tracking":false,"_monsterinsights_sitenote_active":false,"_monsterinsights_sitenote_note":"","_monsterinsights_sitenote_category":0,"_uf_show_specific_survey":0,"_uf_disable_surveys":false,"footnotes":""},"categories":[1],"tags":[],"class_list":["post-22740","post","type-post","status-publish","format-standard","has-post-thumbnail","hentry","category-non-classe"],"_links":{"self":[{"href":"https:\/\/elcafedepipa.com\/index.php\/wp-json\/wp\/v2\/posts\/22740","targetHints":{"allow":["GET"]}}],"collection":[{"href":"https:\/\/elcafedepipa.com\/index.php\/wp-json\/wp\/v2\/posts"}],"about":[{"href":"https:\/\/elcafedepipa.com\/index.php\/wp-json\/wp\/v2\/types\/post"}],"author":[{"embeddable":true,"href":"https:\/\/elcafedepipa.com\/index.php\/wp-json\/wp\/v2\/users\/2"}],"replies":[{"embeddable":true,"href":"https:\/\/elcafedepipa.com\/index.php\/wp-json\/wp\/v2\/comments?post=22740"}],"version-history":[{"count":1,"href":"https:\/\/elcafedepipa.com\/index.php\/wp-json\/wp\/v2\/posts\/22740\/revisions"}],"predecessor-version":[{"id":22742,"href":"https:\/\/elcafedepipa.com\/index.php\/wp-json\/wp\/v2\/posts\/22740\/revisions\/22742"}],"wp:featuredmedia":[{"embeddable":true,"href":"https:\/\/elcafedepipa.com\/index.php\/wp-json\/wp\/v2\/media\/22741"}],"wp:attachment":[{"href":"https:\/\/elcafedepipa.com\/index.php\/wp-json\/wp\/v2\/media?parent=22740"}],"wp:term":[{"taxonomy":"category","embeddable":true,"href":"https:\/\/elcafedepipa.com\/index.php\/wp-json\/wp\/v2\/categories?post=22740"},{"taxonomy":"post_tag","embeddable":true,"href":"https:\/\/elcafedepipa.com\/index.php\/wp-json\/wp\/v2\/tags?post=22740"}],"curies":[{"name":"wp","href":"https:\/\/api.w.org\/{rel}","templated":true}]}}