{"id":22734,"date":"2026-03-13T10:18:31","date_gmt":"2026-03-13T09:18:31","guid":{"rendered":"https:\/\/elcafedepipa.com\/?p=22734"},"modified":"2026-03-13T10:20:02","modified_gmt":"2026-03-13T09:20:02","slug":"ribo-i-ma-jose-arnau-fan-una-crida-a-la-politica-de-proximitat-pensada-en-el-benestar-collectiu","status":"publish","type":"post","link":"https:\/\/elcafedepipa.com\/index.php\/2026\/03\/13\/ribo-i-ma-jose-arnau-fan-una-crida-a-la-politica-de-proximitat-pensada-en-el-benestar-collectiu\/","title":{"rendered":"Rib\u00f3 i M\u00aa Jos\u00e9 Arnau fan &#8220;una crida a la pol\u00edtica de proximitat pensada en el benestar col\u00b7lectiu\u201d"},"content":{"rendered":"\n<p>L&#8217;acte, celebrat al Teatre Carmen Tur, va registrar una gran aflu\u00e8ncia de p\u00fablic que va participar activament en el torn de preguntes.<\/p>\n\n\n\n<p>El Teatre Carmen Tur de la Vall d\u2019Uix\u00f3 va viure ahir una jornada carregada de debat, reflexi\u00f3 i, sobretot, molta participaci\u00f3 en la inauguraci\u00f3 del cicle de confer\u00e8ncies&nbsp;<strong>\u2018Habitar la Vall\u2019<\/strong>. L&#8217;acte va ser un espai compartir de dialeg en qu\u00e8 ve\u00efns i ve\u00efnes van poder llan\u00e7ar les seues preguntes i inquietuds.<\/p>\n\n\n\n<p>El regidor i edil de Comprom\u00eds,&nbsp;<strong>Jorge Marqu\u00e9s<\/strong>, va obrir la vesprada destacant la calidesa de l&#8217;espai triat \u201cdespr\u00e9s de l\u2019aposta dedicida des de la regidoria de Cultura per dignificar aquest espai\u201d. A m\u00e9s, va a fegir que&nbsp;<em>&#8220;habitar un poble \u00e9s cuidar-lo i pensar-lo conjuntament des de l&#8217;esperan\u00e7a, amb xicotets projectes que transformen grans realitats&#8221;<\/em>.<\/p>\n\n\n\n<p>La mestra i directora&nbsp;<strong>M\u00aa Jos\u00e9 Arnau<\/strong>&nbsp;va compartir la seua perspectiva sobre com construir un m\u00f3n millor des de la base: l&#8217;escola, l&#8217;escoltisme i la fam\u00edlia. Durant la seua intervenci\u00f3, va destacar que&nbsp;<em>&#8220;habitar la Vall \u00e9s tamb\u00e9 educar en valors i treballar des de l\u2019educaci\u00f3 per a deixar una her\u00e8ncia positiva a les futures generacions&#8221;<\/em>.<\/p>\n\n\n\n<p>Per la seua banda, l\u2019exalcalde de Val\u00e8ncia,&nbsp;<strong>Joan Rib\u00f3<\/strong>, va desgranar la seua experi\u00e8ncia transformant la capital del T\u00faria des de la sostenibilitat i la responsabilitat pol\u00edtica. Rib\u00f3 va encoratjar als assistents a prendre part activa en la vida p\u00fablica:&nbsp;<em>&#8220;la pol\u00edtica ha de ser l&#8217;eina que humanitze les nostres ciutats, posant sempre el benestar de les persones al centre&#8221;<\/em>.<\/p>\n\n\n\n<p>Un dels moments m\u00e9s destacats de la vesprada va ser el&nbsp;<strong>torn de preguntes<\/strong>, on l&#8217;acte va deixar de ser una confer\u00e8ncia a l&#8217;\u00fas per a convertir-se en un debat viu. Jorge Marqu\u00e9s, com a moderador, va destacar precisament aquesta&nbsp;<strong>naturalesa participativa<\/strong>:&nbsp;<em>&#8220;necessit\u00e0vem un acte on les persones no nom\u00e9s vingueren a escoltar, sin\u00f3 que se sumaren com a veus participants del mateix&#8221;<\/em>.<\/p>\n","protected":false},"excerpt":{"rendered":"<p>L&#8217;acte, celebrat al Teatre Carmen Tur, va registrar una gran aflu\u00e8ncia de p\u00fablic que va participar activament en el torn de preguntes. El Teatre Carmen Tur de la Vall d\u2019Uix\u00f3 va viure ahir una jornada carregada de debat, reflexi\u00f3 i, sobretot, molta participaci\u00f3 en la inauguraci\u00f3 del cicle de confer\u00e8ncies&nbsp;\u2018Habitar la Vall\u2019. L&#8217;acte va ser &#8230; <a title=\"Rib\u00f3 i M\u00aa Jos\u00e9 Arnau fan &#8220;una crida a la pol\u00edtica de proximitat pensada en el benestar col\u00b7lectiu\u201d\" class=\"read-more\" href=\"https:\/\/elcafedepipa.com\/index.php\/2026\/03\/13\/ribo-i-ma-jose-arnau-fan-una-crida-a-la-politica-de-proximitat-pensada-en-el-benestar-collectiu\/\" aria-label=\"M\u00e9s informaci\u00f3 sobre Rib\u00f3 i M\u00aa Jos\u00e9 Arnau fan &#8220;una crida a la pol\u00edtica de proximitat pensada en el benestar col\u00b7lectiu\u201d\">Read more<\/a><\/p>\n","protected":false},"author":2,"featured_media":22735,"comment_status":"closed","ping_status":"closed","sticky":false,"template":"","format":"standard","meta":{"om_disable_all_campaigns":false,"_monsterinsights_skip_tracking":false,"_monsterinsights_sitenote_active":false,"_monsterinsights_sitenote_note":"","_monsterinsights_sitenote_category":0,"_uf_show_specific_survey":0,"_uf_disable_surveys":false,"footnotes":""},"categories":[2],"tags":[],"class_list":["post-22734","post","type-post","status-publish","format-standard","has-post-thumbnail","hentry","category-lavallduixo"],"_links":{"self":[{"href":"https:\/\/elcafedepipa.com\/index.php\/wp-json\/wp\/v2\/posts\/22734","targetHints":{"allow":["GET"]}}],"collection":[{"href":"https:\/\/elcafedepipa.com\/index.php\/wp-json\/wp\/v2\/posts"}],"about":[{"href":"https:\/\/elcafedepipa.com\/index.php\/wp-json\/wp\/v2\/types\/post"}],"author":[{"embeddable":true,"href":"https:\/\/elcafedepipa.com\/index.php\/wp-json\/wp\/v2\/users\/2"}],"replies":[{"embeddable":true,"href":"https:\/\/elcafedepipa.com\/index.php\/wp-json\/wp\/v2\/comments?post=22734"}],"version-history":[{"count":2,"href":"https:\/\/elcafedepipa.com\/index.php\/wp-json\/wp\/v2\/posts\/22734\/revisions"}],"predecessor-version":[{"id":22738,"href":"https:\/\/elcafedepipa.com\/index.php\/wp-json\/wp\/v2\/posts\/22734\/revisions\/22738"}],"wp:featuredmedia":[{"embeddable":true,"href":"https:\/\/elcafedepipa.com\/index.php\/wp-json\/wp\/v2\/media\/22735"}],"wp:attachment":[{"href":"https:\/\/elcafedepipa.com\/index.php\/wp-json\/wp\/v2\/media?parent=22734"}],"wp:term":[{"taxonomy":"category","embeddable":true,"href":"https:\/\/elcafedepipa.com\/index.php\/wp-json\/wp\/v2\/categories?post=22734"},{"taxonomy":"post_tag","embeddable":true,"href":"https:\/\/elcafedepipa.com\/index.php\/wp-json\/wp\/v2\/tags?post=22734"}],"curies":[{"name":"wp","href":"https:\/\/api.w.org\/{rel}","templated":true}]}}