{"id":22730,"date":"2026-03-13T09:24:38","date_gmt":"2026-03-13T08:24:38","guid":{"rendered":"https:\/\/elcafedepipa.com\/?p=22730"},"modified":"2026-03-13T09:34:28","modified_gmt":"2026-03-13T08:34:28","slug":"la-diputacio-de-castello-garantix-la-seguretat-viaria-en-les-carreteres-de-la-provincia-despres-de-les-incidencies-registrades-per-les-ultimes-pluges","status":"publish","type":"post","link":"https:\/\/elcafedepipa.com\/index.php\/2026\/03\/13\/la-diputacio-de-castello-garantix-la-seguretat-viaria-en-les-carreteres-de-la-provincia-despres-de-les-incidencies-registrades-per-les-ultimes-pluges\/","title":{"rendered":"La Diputaci\u00f3 de Castell\u00f3 garantix la seguretat vi\u00e0ria en les carreteres de la prov\u00edncia despr\u00e9s de les incid\u00e8ncies registrades per les \u00faltimes pluges"},"content":{"rendered":"\n<ul class=\"wp-block-list\">\n<li><strong>Els equips de conservaci\u00f3 i manteniment actuen de manera diligent per a resoldre les incid\u00e8ncies provocades en les carreteres de la xarxa provincial dependents de l&#8217;administraci\u00f3 provincial<\/strong><\/li>\n<\/ul>\n\n\n\n<p><strong>\u00a0<\/strong>La Diputaci\u00f3 de Castell\u00f3 garantix la seguretat vi\u00e0ria en les carreteres de la prov\u00edncia despr\u00e9s de les incid\u00e8ncies registrades per les \u00faltimes pluges.<\/p>\n\n\n\n<p>Els equips de conservaci\u00f3 i manteniment han actuat de manera diligent per a resoldre les incid\u00e8ncies provocades en les carreteres de la xarxa provincial dependents de l&#8217;administraci\u00f3 provincial. Al respecte, com ha explicat el vicepresident i responsable de l&#8217;\u00e0rea d&#8217;Infraestructures, H\u00e9ctor Folgado, \u201cels operaris han hagut d&#8217;actuar en diferents punts de la xarxa vi\u00e0ria on es van registrar despreniments lleus que han obligat a realitzar labors de neteja en la carretera\u201d.<\/p>\n\n\n\n<p>Les pluges van obligar a tallar diversos trams de carreteres com, per exemple, la CV-137, CV-130 o la CV-200. Aix\u00ed mateix, els despreniments es van detectar en trams de diferents vials com: CV-100, CV-105, CV-106, CV-107, CV-109, CV-121, CV-147, CV-154, CV-167, CV-175, CV-200, CV-203, CV-213. Queden, sense invadir cal\u00e7ada i abalisats amb cons, els despreniments de la CV-105 (pk8), CV-107 (pk 0,7), CV-109 (pk8), CV-154 (pk15,2 i 17,8). En tots estos trams s&#8217;actuar\u00e0 durant els pr\u00f2xims dies i com ha incidit el vicepresident provincial, \u201ctots els avisos han sigut atesos i tenim tota la xarxa vi\u00e0ria provincial oberta\u201d. Com ha afegit H\u00e9ctor Folgado, \u201cdes de la instituci\u00f3 provincial hem actuat el m\u00e9s r\u00e0pid possible per a poder garantir la seguretat vi\u00e0ria i les connexions en el conjunt del nostre territori\u201d.<\/p>\n","protected":false},"excerpt":{"rendered":"<p>\u00a0La Diputaci\u00f3 de Castell\u00f3 garantix la seguretat vi\u00e0ria en les carreteres de la prov\u00edncia despr\u00e9s de les incid\u00e8ncies registrades per les \u00faltimes pluges. Els equips de conservaci\u00f3 i manteniment han actuat de manera diligent per a resoldre les incid\u00e8ncies provocades en les carreteres de la xarxa provincial dependents de l&#8217;administraci\u00f3 provincial. Al respecte, com ha &#8230; <a title=\"La Diputaci\u00f3 de Castell\u00f3 garantix la seguretat vi\u00e0ria en les carreteres de la prov\u00edncia despr\u00e9s de les incid\u00e8ncies registrades per les \u00faltimes pluges\" class=\"read-more\" href=\"https:\/\/elcafedepipa.com\/index.php\/2026\/03\/13\/la-diputacio-de-castello-garantix-la-seguretat-viaria-en-les-carreteres-de-la-provincia-despres-de-les-incidencies-registrades-per-les-ultimes-pluges\/\" aria-label=\"M\u00e9s informaci\u00f3 sobre La Diputaci\u00f3 de Castell\u00f3 garantix la seguretat vi\u00e0ria en les carreteres de la prov\u00edncia despr\u00e9s de les incid\u00e8ncies registrades per les \u00faltimes pluges\">Read more<\/a><\/p>\n","protected":false},"author":2,"featured_media":22731,"comment_status":"closed","ping_status":"closed","sticky":false,"template":"","format":"standard","meta":{"om_disable_all_campaigns":false,"_monsterinsights_skip_tracking":false,"_monsterinsights_sitenote_active":false,"_monsterinsights_sitenote_note":"","_monsterinsights_sitenote_category":0,"_uf_show_specific_survey":0,"_uf_disable_surveys":false,"footnotes":""},"categories":[10],"tags":[],"class_list":["post-22730","post","type-post","status-publish","format-standard","has-post-thumbnail","hentry","category-provinciadecastello"],"_links":{"self":[{"href":"https:\/\/elcafedepipa.com\/index.php\/wp-json\/wp\/v2\/posts\/22730","targetHints":{"allow":["GET"]}}],"collection":[{"href":"https:\/\/elcafedepipa.com\/index.php\/wp-json\/wp\/v2\/posts"}],"about":[{"href":"https:\/\/elcafedepipa.com\/index.php\/wp-json\/wp\/v2\/types\/post"}],"author":[{"embeddable":true,"href":"https:\/\/elcafedepipa.com\/index.php\/wp-json\/wp\/v2\/users\/2"}],"replies":[{"embeddable":true,"href":"https:\/\/elcafedepipa.com\/index.php\/wp-json\/wp\/v2\/comments?post=22730"}],"version-history":[{"count":1,"href":"https:\/\/elcafedepipa.com\/index.php\/wp-json\/wp\/v2\/posts\/22730\/revisions"}],"predecessor-version":[{"id":22732,"href":"https:\/\/elcafedepipa.com\/index.php\/wp-json\/wp\/v2\/posts\/22730\/revisions\/22732"}],"wp:featuredmedia":[{"embeddable":true,"href":"https:\/\/elcafedepipa.com\/index.php\/wp-json\/wp\/v2\/media\/22731"}],"wp:attachment":[{"href":"https:\/\/elcafedepipa.com\/index.php\/wp-json\/wp\/v2\/media?parent=22730"}],"wp:term":[{"taxonomy":"category","embeddable":true,"href":"https:\/\/elcafedepipa.com\/index.php\/wp-json\/wp\/v2\/categories?post=22730"},{"taxonomy":"post_tag","embeddable":true,"href":"https:\/\/elcafedepipa.com\/index.php\/wp-json\/wp\/v2\/tags?post=22730"}],"curies":[{"name":"wp","href":"https:\/\/api.w.org\/{rel}","templated":true}]}}