{"id":22724,"date":"2026-03-13T09:19:55","date_gmt":"2026-03-13T08:19:55","guid":{"rendered":"https:\/\/elcafedepipa.com\/?p=22724"},"modified":"2026-03-13T09:22:42","modified_gmt":"2026-03-13T08:22:42","slug":"lajuntament-dalmenara-aprova-una-modificacio-pressupostaria-de-155-000-euros-per-a-agilitzar-subvencions-a-associacions-locals","status":"publish","type":"post","link":"https:\/\/elcafedepipa.com\/index.php\/2026\/03\/13\/lajuntament-dalmenara-aprova-una-modificacio-pressupostaria-de-155-000-euros-per-a-agilitzar-subvencions-a-associacions-locals\/","title":{"rendered":"L&#8217;Ajuntament d&#8217;Almenara aprova una modificaci\u00f3 pressupost\u00e0ria de 155.000 euros per a agilitzar subvencions a associacions locals"},"content":{"rendered":"\n<p><strong>El ple extraordinari dona llum verda a la mesura amb els vots &nbsp;a favor del PSPV i les abstencions de Comprom\u00eds i PP.&nbsp; Aprova tamb\u00e9 una declaraci\u00f3 institucional amb motiu del 8M<\/strong><\/p>\n\n\n\n<p><\/p>\n\n\n\n<p>L&#8217;Ajuntament d&#8217;Almenara ha celebrat aquesta vesprada un ple extraordinari en el qual s&#8217;ha aprovat una modificaci\u00f3 de cr\u00e8dit de 155.000 euros destinada a facilitar la signatura de convenis i la concessi\u00f3 de subvencions a les associacions i entitats locals. L&#8217;acord ha tirat avant amb els vots favorables del PSPV i les abstencions de Comprom\u00eds i PP.<\/p>\n\n\n\n<p>L&#8217;alcaldessa, Est\u00edbaliz P\u00e9rez, ha explicat que, at\u00e9s que els pressupostos municipals d&#8217;enguany encara no estan aprovats, s&#8217;ha optat per realitzar aquesta modificaci\u00f3 pressupost\u00e0ria amb c\u00e0rrec als romanents de l&#8217;exercici anterior. \u201cAquesta mesura ens permetr\u00e0 avan\u00e7ar en el proc\u00e9s de concessi\u00f3 de subvencions a les associacions de la localitat, agilitzar els tr\u00e0mits administratius i que les entitats puguen rebre les ajudes amb major rapidesa\u201d, ha assenyalat.<\/p>\n\n\n\n<p>P\u00e9rez tamb\u00e9 ha agra\u00eft els suports rebuts per a tirar avant aquesta proposta, que permetr\u00e0 formalitzar els convenis que el consistori mant\u00e9 habitualment amb el teixit associatiu del municipi.<\/p>\n\n\n\n<p>A m\u00e9s de les associacions culturals, festives, esportives i socials que tradicionalment formen part d&#8217;aquests convenis anuals, enguany s&#8217;incorporaran noves entitats gr\u00e0cies a aquesta modificaci\u00f3 de cr\u00e8dit.<\/p>\n\n\n\n<p>En concret, s&#8217;inclouran ajudes i convenis amb les societats de regants de la localitat. Aix\u00ed mateix, se signar\u00e0 un conveni amb la societat de ca\u00e7adors per a col\u00b7laborar en el control de la poblaci\u00f3 de senglars. Finalment, enguany tamb\u00e9 s&#8217;incorpora Creu Roja, que desenvolupar\u00e0 diferents programes de car\u00e0cter social en el municipi.<\/p>\n\n\n\n<p><strong>Declaraci\u00f3 institucional pel 8M<\/strong><\/p>\n\n\n\n<p>Durant la sessi\u00f3 plen\u00e0ria extraordin\u00e0ria tamb\u00e9 s&#8217;ha aprovat una declaraci\u00f3 institucional amb motiu del 8 de mar\u00e7, Dia Internacional de les Dones. L&#8217;Ajuntament d&#8217;Almenara s&#8217;ha adherit al text promogut per la Federaci\u00f3 Valenciana de Municipis i Prov\u00edncies (FVMP), reafirmant el comprom\u00eds de l&#8217;Ajuntament d&#8217;Almenara amb la igualtat.<\/p>\n","protected":false},"excerpt":{"rendered":"<p>El ple extraordinari dona llum verda a la mesura amb els vots &nbsp;a favor del PSPV i les abstencions de Comprom\u00eds i PP.&nbsp; Aprova tamb\u00e9 una declaraci\u00f3 institucional amb motiu del 8M L&#8217;Ajuntament d&#8217;Almenara ha celebrat aquesta vesprada un ple extraordinari en el qual s&#8217;ha aprovat una modificaci\u00f3 de cr\u00e8dit de 155.000 euros destinada a &#8230; <a title=\"L&#8217;Ajuntament d&#8217;Almenara aprova una modificaci\u00f3 pressupost\u00e0ria de 155.000 euros per a agilitzar subvencions a associacions locals\" class=\"read-more\" href=\"https:\/\/elcafedepipa.com\/index.php\/2026\/03\/13\/lajuntament-dalmenara-aprova-una-modificacio-pressupostaria-de-155-000-euros-per-a-agilitzar-subvencions-a-associacions-locals\/\" aria-label=\"M\u00e9s informaci\u00f3 sobre L&#8217;Ajuntament d&#8217;Almenara aprova una modificaci\u00f3 pressupost\u00e0ria de 155.000 euros per a agilitzar subvencions a associacions locals\">Read more<\/a><\/p>\n","protected":false},"author":2,"featured_media":22725,"comment_status":"closed","ping_status":"closed","sticky":false,"template":"","format":"standard","meta":{"om_disable_all_campaigns":false,"_monsterinsights_skip_tracking":false,"_monsterinsights_sitenote_active":false,"_monsterinsights_sitenote_note":"","_monsterinsights_sitenote_category":0,"_uf_show_specific_survey":0,"_uf_disable_surveys":false,"footnotes":""},"categories":[5],"tags":[],"class_list":["post-22724","post","type-post","status-publish","format-standard","has-post-thumbnail","hentry","category-almenara"],"_links":{"self":[{"href":"https:\/\/elcafedepipa.com\/index.php\/wp-json\/wp\/v2\/posts\/22724","targetHints":{"allow":["GET"]}}],"collection":[{"href":"https:\/\/elcafedepipa.com\/index.php\/wp-json\/wp\/v2\/posts"}],"about":[{"href":"https:\/\/elcafedepipa.com\/index.php\/wp-json\/wp\/v2\/types\/post"}],"author":[{"embeddable":true,"href":"https:\/\/elcafedepipa.com\/index.php\/wp-json\/wp\/v2\/users\/2"}],"replies":[{"embeddable":true,"href":"https:\/\/elcafedepipa.com\/index.php\/wp-json\/wp\/v2\/comments?post=22724"}],"version-history":[{"count":1,"href":"https:\/\/elcafedepipa.com\/index.php\/wp-json\/wp\/v2\/posts\/22724\/revisions"}],"predecessor-version":[{"id":22726,"href":"https:\/\/elcafedepipa.com\/index.php\/wp-json\/wp\/v2\/posts\/22724\/revisions\/22726"}],"wp:featuredmedia":[{"embeddable":true,"href":"https:\/\/elcafedepipa.com\/index.php\/wp-json\/wp\/v2\/media\/22725"}],"wp:attachment":[{"href":"https:\/\/elcafedepipa.com\/index.php\/wp-json\/wp\/v2\/media?parent=22724"}],"wp:term":[{"taxonomy":"category","embeddable":true,"href":"https:\/\/elcafedepipa.com\/index.php\/wp-json\/wp\/v2\/categories?post=22724"},{"taxonomy":"post_tag","embeddable":true,"href":"https:\/\/elcafedepipa.com\/index.php\/wp-json\/wp\/v2\/tags?post=22724"}],"curies":[{"name":"wp","href":"https:\/\/api.w.org\/{rel}","templated":true}]}}