{"id":22720,"date":"2026-03-13T09:15:13","date_gmt":"2026-03-13T08:15:13","guid":{"rendered":"https:\/\/elcafedepipa.com\/?p=22720"},"modified":"2026-03-13T09:16:07","modified_gmt":"2026-03-13T08:16:07","slug":"erpv-alerta-que-lacord-amb-el-mercosur-pot-accelerar-la-ruina-del-camp-valencia","status":"publish","type":"post","link":"https:\/\/elcafedepipa.com\/index.php\/2026\/03\/13\/erpv-alerta-que-lacord-amb-el-mercosur-pot-accelerar-la-ruina-del-camp-valencia\/","title":{"rendered":"ERPV alerta que l\u2019acord amb el Mercosur pot accelerar la ru\u00efna del camp valenci\u00e0"},"content":{"rendered":"\n<p>Esquerra Republicana del Pa\u00eds Valenci\u00e0 (ERPV) ha advertit que la ratificaci\u00f3 de l\u2019acord comercial entre la Uni\u00f3 Europea i els pa\u00efsos del Mercosur pot agreujar encara m\u00e9s la crisi que pateix el camp valenci\u00e0. Segons la formaci\u00f3, el tractat facilitar\u00e0 l\u2019entrada massiva de productes agraris procedents d\u2019Am\u00e8rica del Sud, produ\u00efts amb costos molt m\u00e9s baixos i amb normatives mediambientals i laborals menys exigents que les que s\u2019imposen als agricultors europeus.<\/p>\n\n\n\n<p>El president d\u2019ERPV, Dom\u00e8nec Garcia, ha denunciat que aquest tipus d\u2019acords \u201cs\u2019han negociat d\u2019esquena als llauradors i responen als interessos de les grans multinacionals agroaliment\u00e0ries, no als del camp valenci\u00e0\u201d. Segons Garcia, l\u2019obertura del mercat europeu a productes procedents del Mercosur \u201cpressionar\u00e0 encara m\u00e9s els preus a la baixa i far\u00e0 encara m\u00e9s dif\u00edcil la superviv\u00e8ncia de milers de petites explotacions\u201d.<\/p>\n\n\n\n<p>Des de la formaci\u00f3 republicana alerten que el camp valenci\u00e0 ja es troba en una situaci\u00f3 l\u00edmit, marcada pels baixos preus en origen, l\u2019augment dels costos de producci\u00f3 i la compet\u00e8ncia exterior. En aquest context, consideren que l\u2019acord pot accelerar l\u2019abandonament de terres i la desaparici\u00f3 progressiva del model agr\u00edcola tradicional.<\/p>\n\n\n\n<p>\u201cSi la Uni\u00f3 Europea exigeix als nostres llauradors normes estrictes en mat\u00e8ria mediambiental i laboral, entre d\u2019altres, el m\u00ednim que hauria de fer \u00e9s exigir exactament les mateixes condicions als productes que entren al mercat europeu\u201d, ha afirmat Garcia. \u201cNo podem obligar el nostre camp a competir amb produccions que juguen amb regles completament diferents\u201d.<\/p>\n\n\n\n<p>ERPV tamb\u00e9 ha advertit que la manca de pol\u00edtiques valentes per defensar el sector agrari est\u00e0 alimentant el malestar al m\u00f3n rural, un descontentament que sovint acaba sent capitalitzat per l\u2019extrema dreta. En aquest sentit, Garcia ha reclamat \u201cposar el camp al centre de l\u2019agenda pol\u00edtica, garantir preus justos, defensar la sobirania aliment\u00e0ria i millorar de manera clara i decidida les condicions laborals dels jornalers\u201d.<\/p>\n\n\n\n<p>Finalment, ha alertat que abandonar els llauradors \u201c\u00e9s tamb\u00e9 abandonar el territori i el futur de moltes comarques valencianes\u201d.<\/p>\n","protected":false},"excerpt":{"rendered":"<p>Esquerra Republicana del Pa\u00eds Valenci\u00e0 (ERPV) ha advertit que la ratificaci\u00f3 de l\u2019acord comercial entre la Uni\u00f3 Europea i els pa\u00efsos del Mercosur pot agreujar encara m\u00e9s la crisi que pateix el camp valenci\u00e0. Segons la formaci\u00f3, el tractat facilitar\u00e0 l\u2019entrada massiva de productes agraris procedents d\u2019Am\u00e8rica del Sud, produ\u00efts amb costos molt m\u00e9s baixos &#8230; <a title=\"ERPV alerta que l\u2019acord amb el Mercosur pot accelerar la ru\u00efna del camp valenci\u00e0\" class=\"read-more\" href=\"https:\/\/elcafedepipa.com\/index.php\/2026\/03\/13\/erpv-alerta-que-lacord-amb-el-mercosur-pot-accelerar-la-ruina-del-camp-valencia\/\" aria-label=\"M\u00e9s informaci\u00f3 sobre ERPV alerta que l\u2019acord amb el Mercosur pot accelerar la ru\u00efna del camp valenci\u00e0\">Read more<\/a><\/p>\n","protected":false},"author":2,"featured_media":22721,"comment_status":"closed","ping_status":"closed","sticky":false,"template":"","format":"standard","meta":{"om_disable_all_campaigns":false,"_monsterinsights_skip_tracking":false,"_monsterinsights_sitenote_active":false,"_monsterinsights_sitenote_note":"","_monsterinsights_sitenote_category":0,"_uf_show_specific_survey":0,"_uf_disable_surveys":false,"footnotes":""},"categories":[11],"tags":[],"class_list":["post-22720","post","type-post","status-publish","format-standard","has-post-thumbnail","hentry","category-comunitatvalenciana"],"_links":{"self":[{"href":"https:\/\/elcafedepipa.com\/index.php\/wp-json\/wp\/v2\/posts\/22720","targetHints":{"allow":["GET"]}}],"collection":[{"href":"https:\/\/elcafedepipa.com\/index.php\/wp-json\/wp\/v2\/posts"}],"about":[{"href":"https:\/\/elcafedepipa.com\/index.php\/wp-json\/wp\/v2\/types\/post"}],"author":[{"embeddable":true,"href":"https:\/\/elcafedepipa.com\/index.php\/wp-json\/wp\/v2\/users\/2"}],"replies":[{"embeddable":true,"href":"https:\/\/elcafedepipa.com\/index.php\/wp-json\/wp\/v2\/comments?post=22720"}],"version-history":[{"count":1,"href":"https:\/\/elcafedepipa.com\/index.php\/wp-json\/wp\/v2\/posts\/22720\/revisions"}],"predecessor-version":[{"id":22722,"href":"https:\/\/elcafedepipa.com\/index.php\/wp-json\/wp\/v2\/posts\/22720\/revisions\/22722"}],"wp:featuredmedia":[{"embeddable":true,"href":"https:\/\/elcafedepipa.com\/index.php\/wp-json\/wp\/v2\/media\/22721"}],"wp:attachment":[{"href":"https:\/\/elcafedepipa.com\/index.php\/wp-json\/wp\/v2\/media?parent=22720"}],"wp:term":[{"taxonomy":"category","embeddable":true,"href":"https:\/\/elcafedepipa.com\/index.php\/wp-json\/wp\/v2\/categories?post=22720"},{"taxonomy":"post_tag","embeddable":true,"href":"https:\/\/elcafedepipa.com\/index.php\/wp-json\/wp\/v2\/tags?post=22720"}],"curies":[{"name":"wp","href":"https:\/\/api.w.org\/{rel}","templated":true}]}}