{"id":22690,"date":"2026-03-12T11:55:39","date_gmt":"2026-03-12T10:55:39","guid":{"rendered":"https:\/\/elcafedepipa.com\/?p=22690"},"modified":"2026-03-12T11:57:58","modified_gmt":"2026-03-12T10:57:58","slug":"marta-barrachina-exigix-modificar-la-llei-de-costes-que-el-pp-va-aprovar-al-senat-en-2024-i-que-psoe-i-compromis-bloquegen-des-de-fa-dos-any","status":"publish","type":"post","link":"https:\/\/elcafedepipa.com\/index.php\/2026\/03\/12\/marta-barrachina-exigix-modificar-la-llei-de-costes-que-el-pp-va-aprovar-al-senat-en-2024-i-que-psoe-i-compromis-bloquegen-des-de-fa-dos-any\/","title":{"rendered":"Marta Barrachina exigix modificar la llei de costes &#8220;que el PP va aprovar al Senat en 2024 i que PSOE i Comprom\u00eds bloquegen des de fa dos any&#8221;"},"content":{"rendered":"\n<p>El Senat va aprovar la iniciativa del PP per a protegir les vivendes singulars del litoral. Des de llavors, la Mesa del Congr\u00e9s, conformada per la majoria del PSOE i els seus socis de Sumar (Comprom\u00eds) veta el seu debat parlamentari<\/p>\n\n\n\n<p>\u00b7 Amb m\u00e9s de 70 pr\u00f2rrogues acumulades, el Grup Parlamentari Popular va presentar una altra iniciativa l&#8217;any passat que, una vegada m\u00e9s, han bloquejat els dos partits. \u201cLa protecci\u00f3 d&#8217;este patrimoni podria ser ja un fet. Per\u00f2 \u00e9s clar que no volen\u201d, afirma<\/p>\n\n\n\n<p>\u00b7 Al bloqueig en el Congr\u00e9s se suma l&#8217;atac contra la llei valenciana de la costa. Aprovada en Les Corts malgrat el rebuig de PSOE i Comprom\u00eds el 15 de maig de 2025, ara el Govern d&#8217;Espanya ha presentat un recurs d&#8217;inconstitucionalitat<\/p>\n\n\n\n<p>12 de mar\u00e7 de 2026.- \u201cHui fa exactament dos anys celebr\u00e0vem un acord hist\u00f2ric. El PP aconseguia al Senat protegir totes eixes vivendes singulars que s\u00f3n l&#8217;orgull de les nostres platges. Les de Cabanes, Nules, Moncofa, Xilxes, La Llosa i Almenara. I celebr\u00e0vem eixe avan\u00e7 amb els ve\u00efns que porten anys reclamant protecci\u00f3 enfront dels enderrocaments imposats pel Govern de Pedro S\u00e1nchez\u201d.<\/p>\n\n\n\n<p>Marta Barrachina, presidenta provincial del PPCS, recorda eixe punt d&#8217;inflexi\u00f3 que hui complix dos anys de bloqueig. La iniciativa, aprovada pel PP al Senat, es va elevar al Congr\u00e9s on PSOE i Comprom\u00eds, com a membre de Sumar, segresten el debat de la proposta en la Cambra Baixa.<\/p>\n\n\n\n<p>La presidenta provincial del PPCS ha tornat hui a clamar per la \u201cllibertat\u201d que la \u201cConstituci\u00f3\u201d assistix a un \u201cpa\u00eds democr\u00e0tic com \u00e9s Espanya\u201d. Una terra \u201cde llibertats a la qual el PSOE nom\u00e9s imposa mordasses\u201d. I ho ha fet denunciant p\u00fablicament \u201cdos anys de condemna a la prov\u00edncia, dos anys de<\/p>\n\n\n\n<p>castics i persecuci\u00f3 a les nostres platges i a un patrimoni del qual ens sentim orgullosos i res ni ning\u00fa destruir\u00e0\u201d.<\/p>\n\n\n\n<p>Este veto s&#8217;ha produ\u00eft amb m\u00e9s de 70 pr\u00f2rrogues imposades per la Mesa del Congr\u00e9s al text. L&#8217;ardit emprat per PSOE i Comprom\u00eds per a evitar que el Congr\u00e9s modifique la Llei 22\/1988, de 28 de juliol, de Costas, i incorpore la protecci\u00f3 de \u201cestes construccions singulars el valor patrimonial de les quals \u00e9s innegable\u201d.<\/p>\n\n\n\n<p>Doble castic<\/p>\n\n\n\n<p>El bloqueig en el Congr\u00e9s exercit per PSOE i Comprom\u00eds s&#8217;ha redoblat enguany amb un recurs d&#8217;inconstitucionalitat que el Govern de Pedro S\u00e1nchez ha presentat contra la Llei de Protecci\u00f3 i Ordenaci\u00f3 de la Costa Valenciana. Un marc legislatiu aprovat el 15 de maig de 2025, amb els vots en contra de PSOE i Comprom\u00eds, \u201cper a blindar un patrimoni que el PSOE ataca i amena\u00e7a\u201d.<\/p>\n\n\n\n<p>\u201cConvertits en els pitjors enemics dels drets de la nostra prov\u00edncia, des del PP som la bandera dels interessos de la nostra terra. I com ja ha anunciat el Consell, ni vetos, ni mordasses, ni castics podran amb el valor d&#8217;una terra que t\u00e9 en les seues costes patrimoni i riquesa i en el Partit Popular l&#8217;\u00fanic garant dels seus drets\u201d, ha concl\u00f2s Marta Barrachina.<\/p>\n","protected":false},"excerpt":{"rendered":"<p>El Senat va aprovar la iniciativa del PP per a protegir les vivendes singulars del litoral. Des de llavors, la Mesa del Congr\u00e9s, conformada per la majoria del PSOE i els seus socis de Sumar (Comprom\u00eds) veta el seu debat parlamentari \u00b7 Amb m\u00e9s de 70 pr\u00f2rrogues acumulades, el Grup Parlamentari Popular va presentar una &#8230; <a title=\"Marta Barrachina exigix modificar la llei de costes &#8220;que el PP va aprovar al Senat en 2024 i que PSOE i Comprom\u00eds bloquegen des de fa dos any&#8221;\" class=\"read-more\" href=\"https:\/\/elcafedepipa.com\/index.php\/2026\/03\/12\/marta-barrachina-exigix-modificar-la-llei-de-costes-que-el-pp-va-aprovar-al-senat-en-2024-i-que-psoe-i-compromis-bloquegen-des-de-fa-dos-any\/\" aria-label=\"M\u00e9s informaci\u00f3 sobre Marta Barrachina exigix modificar la llei de costes &#8220;que el PP va aprovar al Senat en 2024 i que PSOE i Comprom\u00eds bloquegen des de fa dos any&#8221;\">Read more<\/a><\/p>\n","protected":false},"author":2,"featured_media":22691,"comment_status":"closed","ping_status":"closed","sticky":false,"template":"","format":"standard","meta":{"om_disable_all_campaigns":false,"_monsterinsights_skip_tracking":false,"_monsterinsights_sitenote_active":false,"_monsterinsights_sitenote_note":"","_monsterinsights_sitenote_category":0,"_uf_show_specific_survey":0,"_uf_disable_surveys":false,"footnotes":""},"categories":[10],"tags":[],"class_list":["post-22690","post","type-post","status-publish","format-standard","has-post-thumbnail","hentry","category-provinciadecastello"],"_links":{"self":[{"href":"https:\/\/elcafedepipa.com\/index.php\/wp-json\/wp\/v2\/posts\/22690","targetHints":{"allow":["GET"]}}],"collection":[{"href":"https:\/\/elcafedepipa.com\/index.php\/wp-json\/wp\/v2\/posts"}],"about":[{"href":"https:\/\/elcafedepipa.com\/index.php\/wp-json\/wp\/v2\/types\/post"}],"author":[{"embeddable":true,"href":"https:\/\/elcafedepipa.com\/index.php\/wp-json\/wp\/v2\/users\/2"}],"replies":[{"embeddable":true,"href":"https:\/\/elcafedepipa.com\/index.php\/wp-json\/wp\/v2\/comments?post=22690"}],"version-history":[{"count":1,"href":"https:\/\/elcafedepipa.com\/index.php\/wp-json\/wp\/v2\/posts\/22690\/revisions"}],"predecessor-version":[{"id":22692,"href":"https:\/\/elcafedepipa.com\/index.php\/wp-json\/wp\/v2\/posts\/22690\/revisions\/22692"}],"wp:featuredmedia":[{"embeddable":true,"href":"https:\/\/elcafedepipa.com\/index.php\/wp-json\/wp\/v2\/media\/22691"}],"wp:attachment":[{"href":"https:\/\/elcafedepipa.com\/index.php\/wp-json\/wp\/v2\/media?parent=22690"}],"wp:term":[{"taxonomy":"category","embeddable":true,"href":"https:\/\/elcafedepipa.com\/index.php\/wp-json\/wp\/v2\/categories?post=22690"},{"taxonomy":"post_tag","embeddable":true,"href":"https:\/\/elcafedepipa.com\/index.php\/wp-json\/wp\/v2\/tags?post=22690"}],"curies":[{"name":"wp","href":"https:\/\/api.w.org\/{rel}","templated":true}]}}