{"id":22686,"date":"2026-03-12T11:49:22","date_gmt":"2026-03-12T10:49:22","guid":{"rendered":"https:\/\/elcafedepipa.com\/?p=22686"},"modified":"2026-03-12T11:49:33","modified_gmt":"2026-03-12T10:49:33","slug":"representacio-del-professorat-de-lies-honori-garcia-es-suma-a-les-mobilitzacions-per-la-dignitat-de-lensenyament-public","status":"publish","type":"post","link":"https:\/\/elcafedepipa.com\/index.php\/2026\/03\/12\/representacio-del-professorat-de-lies-honori-garcia-es-suma-a-les-mobilitzacions-per-la-dignitat-de-lensenyament-public\/","title":{"rendered":"Representaci\u00f3 del professorat de l&#8217;IES Honori Garcia es suma a les mobilitzaci\u00f3ns per la dignitat de l&#8217;ensenyament p\u00fablic"},"content":{"rendered":"\n<p>Una part significativa del professorat de l\u2019IES Honori Garcia de la Vall d\u2019Uix\u00f3 ha manifestat avui el seu suport decidit al calendari de mobilitzacions convocat pels sindicats STEPV, CSIF, CCOO i UGT. En representaci\u00f3 d&#8217;aquest\u00a0col\u00b7lectiu docent, s&#8217;ha volgut fer palesa la preocupaci\u00f3 pel deteriorament del sistema educatiu valenci\u00e0 en una jornada que ha comen\u00e7at amb concentracions a les portes dels centres educatius per exigir millores laborals i salarials urgents.<\/p>\n\n\n\n<p>Aquesta&nbsp;acci\u00f3 de protesta s&#8217;emmarca en un proc\u00e9s de mobilitzaci\u00f3 creixent que tindr\u00e0 una nova fita el pr\u00f2xim 24 de mar\u00e7 i que culminar\u00e0 amb la vaga general educativa del 31 de mar\u00e7. Els docents representants de l&#8217;IES Honori Garcia se sumen aix\u00ed a les veus que, arreu del Pa\u00eds Valenci\u00e0, denuncien la manca de voluntat negociadora de la Conselleria d\u2019Educaci\u00f3, dirigida per&nbsp;Mari&nbsp;Carmen&nbsp;Ort\u00ed, i la falta de prioritats estrat\u00e8giques en els serveis p\u00fablics per part del govern de Juan Francisco P\u00e9rez Llorca.<\/p>\n\n\n\n<p>Reivindicacions salarials i laborals en el centre del conflicte El col\u00b7lectiu docent mobilitzat de l&#8217;institut reclama la recuperaci\u00f3 immediata del poder adquisitiu, el qual ha patit una p\u00e8rdua del 20% des de l&#8217;any 2007. &#8220;No podem continuar sent un dels territoris amb el professorat&nbsp;pitjor&nbsp;pagat de l&#8217;Estat mentre la sobrec\u00e0rrega burocr\u00e0tica i les exig\u00e8ncies en les aules no paren d&#8217;augmentar&#8221;, han assenyalat fonts de la representaci\u00f3 docent. Entre les demandes principals destaca l&#8217;establiment d&#8217;una cl\u00e0usula de revisi\u00f3 salarial vinculada a l&#8217;IPC i l&#8217;abonament de les pagues extres completes.<\/p>\n\n\n\n<p>A m\u00e9s de les q\u00fcestions retributives, es demana una baixada real de les r\u00e0tios d&#8217;alumnes&nbsp;per aula i la reversi\u00f3 de les retallades en les plantilles docents, que han afectat especialment \u00e0mbits sensibles com la Formaci\u00f3 Professional (FP) i el personal de suport a la inclusi\u00f3. La representaci\u00f3 del professorat considera que les noves instruccions de plantilles imposades per l&#8217;administraci\u00f3 nom\u00e9s&nbsp;aprofundeixen&nbsp;en la precarietat del sistema.<\/p>\n\n\n\n<p>Infraestructures dignes i defensa del&nbsp;valenci\u00e0. Un&nbsp;altre punt clau de la protesta \u00e9s la situaci\u00f3 l\u00edmit de les infraestructures. En representaci\u00f3 del professorat de l&#8217;IES Honori Garcia, es denuncia la retallada de 121 milions d&#8217;euros en el Pla Edificant, el que ha paralitzat obres de millora essencials en molts centres. Aix\u00ed mateix, s&#8217;expressa una profunda solidaritat amb els centres afectats per la DANA d&#8217;octubre de 2024, on molts alumnes encara acuden a classe en condicions d&#8217;extrema precarietat i falta de climatitzaci\u00f3.<\/p>\n\n\n\n<p>En l&#8217;\u00e0mbit pedag\u00f2gic i cultural, els docents rebutgen la Llei de Llibertat Educativa per considerar que &#8220;arracona el valenci\u00e0&#8221; i fomenta la segregaci\u00f3 escolar. Especialment pol\u00e8mica ha estat la decisi\u00f3 de la Conselleria d&#8217;excloure autors cabdals de la literatura catalana i balear del curr\u00edculum de Batxillerat, com Ramon Llull o&nbsp;Merc\u00e8&nbsp;Rodoreda, una mesura que els docents de l&#8217;IES Honori Garcia qualifiquen d&#8217;atac directe al rigor cient\u00edfic i acad\u00e8mic.<\/p>\n\n\n\n<p>Crida a la participaci\u00f3 el 31 de mar\u00e7&nbsp;Aquesta&nbsp;representaci\u00f3 del claustre ha aprofitat la concentraci\u00f3 d&#8217;avui, realitzada durant l&#8217;hora del pati per minimitzar l&#8217;impacte en l&#8217;activitat lectiva per\u00f2 visibilitzar el conflicte, per cridar a tota la comunitat educativa de la Vall d&#8217;Uix\u00f3 a sumar-se a la vaga del 31 de mar\u00e7. &#8220;\u00c9s el moment de dir prou a les pol\u00edtiques que desmantellen l&#8217;educaci\u00f3 p\u00fablica; ens juguem el futur d&#8217;una escola laica, de qualitat i arrelada al territori&#8221;, han concl\u00f2s.<\/p>\n\n\n\n<p id=\"p-rc_965d762555b5b1a8-1453\">Mentre es realitzaven&nbsp;aquestes&nbsp;concentracions, representants sindicals han traslladat&nbsp;aquestes&nbsp;mateixes exig\u00e8ncies en la Mesa Sectorial d&#8217;Educaci\u00f3 convocada per a avui a les 10:30\u202fh, advertint que si no hi ha compromisos reals, el conflicte podria derivar en una vaga indefinida el pr\u00f2xim mes de maig.<\/p>\n\n\n\n<p id=\"p-rc_965d762555b5b1a8-1454\"><\/p>\n","protected":false},"excerpt":{"rendered":"<p>Una part significativa del professorat de l\u2019IES Honori Garcia de la Vall d\u2019Uix\u00f3 ha manifestat avui el seu suport decidit al calendari de mobilitzacions convocat pels sindicats STEPV, CSIF, CCOO i UGT. En representaci\u00f3 d&#8217;aquest\u00a0col\u00b7lectiu docent, s&#8217;ha volgut fer palesa la preocupaci\u00f3 pel deteriorament del sistema educatiu valenci\u00e0 en una jornada que ha comen\u00e7at amb &#8230; <a title=\"Representaci\u00f3 del professorat de l&#8217;IES Honori Garcia es suma a les mobilitzaci\u00f3ns per la dignitat de l&#8217;ensenyament p\u00fablic\" class=\"read-more\" href=\"https:\/\/elcafedepipa.com\/index.php\/2026\/03\/12\/representacio-del-professorat-de-lies-honori-garcia-es-suma-a-les-mobilitzacions-per-la-dignitat-de-lensenyament-public\/\" aria-label=\"M\u00e9s informaci\u00f3 sobre Representaci\u00f3 del professorat de l&#8217;IES Honori Garcia es suma a les mobilitzaci\u00f3ns per la dignitat de l&#8217;ensenyament p\u00fablic\">Read more<\/a><\/p>\n","protected":false},"author":2,"featured_media":22687,"comment_status":"closed","ping_status":"closed","sticky":false,"template":"","format":"standard","meta":{"om_disable_all_campaigns":false,"_monsterinsights_skip_tracking":false,"_monsterinsights_sitenote_active":false,"_monsterinsights_sitenote_note":"","_monsterinsights_sitenote_category":0,"_uf_show_specific_survey":0,"_uf_disable_surveys":false,"footnotes":""},"categories":[2],"tags":[],"class_list":["post-22686","post","type-post","status-publish","format-standard","has-post-thumbnail","hentry","category-lavallduixo"],"_links":{"self":[{"href":"https:\/\/elcafedepipa.com\/index.php\/wp-json\/wp\/v2\/posts\/22686","targetHints":{"allow":["GET"]}}],"collection":[{"href":"https:\/\/elcafedepipa.com\/index.php\/wp-json\/wp\/v2\/posts"}],"about":[{"href":"https:\/\/elcafedepipa.com\/index.php\/wp-json\/wp\/v2\/types\/post"}],"author":[{"embeddable":true,"href":"https:\/\/elcafedepipa.com\/index.php\/wp-json\/wp\/v2\/users\/2"}],"replies":[{"embeddable":true,"href":"https:\/\/elcafedepipa.com\/index.php\/wp-json\/wp\/v2\/comments?post=22686"}],"version-history":[{"count":1,"href":"https:\/\/elcafedepipa.com\/index.php\/wp-json\/wp\/v2\/posts\/22686\/revisions"}],"predecessor-version":[{"id":22688,"href":"https:\/\/elcafedepipa.com\/index.php\/wp-json\/wp\/v2\/posts\/22686\/revisions\/22688"}],"wp:featuredmedia":[{"embeddable":true,"href":"https:\/\/elcafedepipa.com\/index.php\/wp-json\/wp\/v2\/media\/22687"}],"wp:attachment":[{"href":"https:\/\/elcafedepipa.com\/index.php\/wp-json\/wp\/v2\/media?parent=22686"}],"wp:term":[{"taxonomy":"category","embeddable":true,"href":"https:\/\/elcafedepipa.com\/index.php\/wp-json\/wp\/v2\/categories?post=22686"},{"taxonomy":"post_tag","embeddable":true,"href":"https:\/\/elcafedepipa.com\/index.php\/wp-json\/wp\/v2\/tags?post=22686"}],"curies":[{"name":"wp","href":"https:\/\/api.w.org\/{rel}","templated":true}]}}