{"id":22682,"date":"2026-03-12T11:31:15","date_gmt":"2026-03-12T10:31:15","guid":{"rendered":"https:\/\/elcafedepipa.com\/?p=22682"},"modified":"2026-03-12T12:08:59","modified_gmt":"2026-03-12T11:08:59","slug":"el-psoe-nega-respostes-a-les-preguntes-que-el-ppcs-presenta-en-el-congres-sobre-cancellacions-i-retards-en-la-xarxa-de-rodalies","status":"publish","type":"post","link":"https:\/\/elcafedepipa.com\/index.php\/2026\/03\/12\/el-psoe-nega-respostes-a-les-preguntes-que-el-ppcs-presenta-en-el-congres-sobre-cancellacions-i-retards-en-la-xarxa-de-rodalies\/","title":{"rendered":"El PSOE &#8220;nega respostes a les preguntes que el PPCS presenta en el Congr\u00e9s sobre cancel\u00b7lacions i retards en la xarxa de Rodalies&#8221;"},"content":{"rendered":"\n<p>\u00b7 Les limitacions de velocitat, els retards i les cancel\u00b7lacions registrades en la xarxa de Rodalia van provocar que el 28 de gener el PPCS presentara una bateria de preguntes que ara el PSOE defuig respondre<\/p>\n\n\n\n<p>\u00b7 \u201cNo volen informar i una vegada m\u00e9s recorren a l&#8217;opacitat com a \u00fanica eixida\u201d, declara \u00d3scar Clavell, diputat nacional del PPCS. \u201cUna xarxa mod\u00e8lica de transport est\u00e0 a la vora del col\u00b7lapse en mans d&#8217;un desgovern absolut\u201d, assenyala Clavell<\/p>\n\n\n\n<p>\u00b7 \u201cNo hi ha gesti\u00f3, no hi ha inversi\u00f3 i les conseq\u00fc\u00e8ncies les paguem tots\u201d, afirma el diputat nacional. \u201cL&#8217;excel\u00b7l\u00e8ncia d&#8217;esta infraestructura ha de tornar als est\u00e0ndards de qualitat que ha acabat perdent en mans del sanchisme\u201d, diu el diputat<\/p>\n\n\n\n<p> El diputat nacional del PPCS en el Congr\u00e9s, \u00d3scar Clavell, ha reclamat hui &#8220;m\u00e9s inversi\u00f3&#8221; per a la xarxa ferrovi\u00e0ria i &#8220;menys sanchisme&#8221; davant els retards, cancel\u00b7lacions i falta d&#8217;inversions que patix la infraestructura i &#8220;afecta cada dia a milers de castellonencs&#8221;.<\/p>\n\n\n\n<p>Aix\u00ed ho ha declarat el diputat nacional del PPCS despr\u00e9s de denunciar la falta de respostes del PSOE al capdavant del Govern d&#8217;Espanya a la bateria de preguntes registrada el passat 28 de gener en el Congr\u00e9s per a con\u00e9ixer els motius que van provocar la limitaci\u00f3 de la velocitat en la xarxa ferrovi\u00e0ria.<\/p>\n\n\n\n<p>&#8220;Els castellonencs porten suportant massa temps un absolut calvari perqu\u00e8 el Govern d&#8217;Espanya, que \u00e9s l&#8217;\u00fanic competent en esta mat\u00e8ria, ha deixat d&#8217;invertir en la infraestructura&#8221;. El resultat es tradu\u00efx &#8220;en problemes peri\u00f2dics<\/p>\n\n\n\n<p>que cada any van a m\u00e9s davant un govern que cada vegada gestiona menys&#8221;.<\/p>\n\n\n\n<p>Les respostes donades pel Govern d&#8217;Espanya a les preguntes formulades pel PPCS &#8220;demostren una mostra m\u00e9s d&#8217;opacitat&#8221;. &#8220;Evasives, falta de concreci\u00f3 en les respostes i nul\u00b7la voluntat de llan\u00e7ar llum sobre una situaci\u00f3 que castiga cada dia als ciutadans de la nostra prov\u00edncia i enfront de la qual el PSOE no t\u00e9 cap resposta&#8221;.<\/p>\n\n\n\n<p>La l\u00ednia C6, que connecta Val\u00e8ncia amb la prov\u00edncia de Castell\u00f3, patix cont\u00ednues incid\u00e8ncies i &#8220;els problemes, lluny d&#8217;atallar-se, s&#8217;incrementen perqu\u00e8 no hi ha inversi\u00f3 en manteniment ni voluntat de millorar els problemes&#8221;. I la situaci\u00f3 castiga directament els usuaris i degrada \u201cuna xarxa mod\u00e8lica de transport que est\u00e0 a la vora del col\u00b7lapse en mans d&#8217;un desgovern absolut\u201d, sent\u00e8ncia Clavell.<\/p>\n\n\n\n<p>I en este escenari, en el qual \u201cno hi ha gesti\u00f3 i no hi ha inversi\u00f3, les conseq\u00fc\u00e8ncies les paguem tots\u201d, afirma el diputat nacional. I \u00e9s aix\u00ed perqu\u00e8 &#8220;en Moncloa nom\u00e9s es resistix&#8221;. Per este motiu, en el PP \u201cestem decidits a treballar perqu\u00e8 l&#8217;excel\u00b7l\u00e8ncia d&#8217;esta infraestructura recupere els est\u00e0ndards de qualitat que ha acabat perdent en mans del sanchisme\u201d. Perqu\u00e8 &#8220;quantes m\u00e9s evasives ens donen, m\u00e9s preguntes farem a un Govern que amb Pedro S\u00e1nchez de president nom\u00e9s es fixa a la prov\u00edncia de Castell\u00f3 per a castigar-nos, mai per a ajudar-nos&#8221;<\/p>\n","protected":false},"excerpt":{"rendered":"<p>\u00b7 Les limitacions de velocitat, els retards i les cancel\u00b7lacions registrades en la xarxa de Rodalia van provocar que el 28 de gener el PPCS presentara una bateria de preguntes que ara el PSOE defuig respondre \u00b7 \u201cNo volen informar i una vegada m\u00e9s recorren a l&#8217;opacitat com a \u00fanica eixida\u201d, declara \u00d3scar Clavell, diputat &#8230; <a title=\"El PSOE &#8220;nega respostes a les preguntes que el PPCS presenta en el Congr\u00e9s sobre cancel\u00b7lacions i retards en la xarxa de Rodalies&#8221;\" class=\"read-more\" href=\"https:\/\/elcafedepipa.com\/index.php\/2026\/03\/12\/el-psoe-nega-respostes-a-les-preguntes-que-el-ppcs-presenta-en-el-congres-sobre-cancellacions-i-retards-en-la-xarxa-de-rodalies\/\" aria-label=\"M\u00e9s informaci\u00f3 sobre El PSOE &#8220;nega respostes a les preguntes que el PPCS presenta en el Congr\u00e9s sobre cancel\u00b7lacions i retards en la xarxa de Rodalies&#8221;\">Read more<\/a><\/p>\n","protected":false},"author":2,"featured_media":22683,"comment_status":"closed","ping_status":"closed","sticky":false,"template":"","format":"standard","meta":{"om_disable_all_campaigns":false,"_monsterinsights_skip_tracking":false,"_monsterinsights_sitenote_active":false,"_monsterinsights_sitenote_note":"","_monsterinsights_sitenote_category":0,"_uf_show_specific_survey":0,"_uf_disable_surveys":false,"footnotes":""},"categories":[10],"tags":[],"class_list":["post-22682","post","type-post","status-publish","format-standard","has-post-thumbnail","hentry","category-provinciadecastello"],"_links":{"self":[{"href":"https:\/\/elcafedepipa.com\/index.php\/wp-json\/wp\/v2\/posts\/22682","targetHints":{"allow":["GET"]}}],"collection":[{"href":"https:\/\/elcafedepipa.com\/index.php\/wp-json\/wp\/v2\/posts"}],"about":[{"href":"https:\/\/elcafedepipa.com\/index.php\/wp-json\/wp\/v2\/types\/post"}],"author":[{"embeddable":true,"href":"https:\/\/elcafedepipa.com\/index.php\/wp-json\/wp\/v2\/users\/2"}],"replies":[{"embeddable":true,"href":"https:\/\/elcafedepipa.com\/index.php\/wp-json\/wp\/v2\/comments?post=22682"}],"version-history":[{"count":2,"href":"https:\/\/elcafedepipa.com\/index.php\/wp-json\/wp\/v2\/posts\/22682\/revisions"}],"predecessor-version":[{"id":22693,"href":"https:\/\/elcafedepipa.com\/index.php\/wp-json\/wp\/v2\/posts\/22682\/revisions\/22693"}],"wp:featuredmedia":[{"embeddable":true,"href":"https:\/\/elcafedepipa.com\/index.php\/wp-json\/wp\/v2\/media\/22683"}],"wp:attachment":[{"href":"https:\/\/elcafedepipa.com\/index.php\/wp-json\/wp\/v2\/media?parent=22682"}],"wp:term":[{"taxonomy":"category","embeddable":true,"href":"https:\/\/elcafedepipa.com\/index.php\/wp-json\/wp\/v2\/categories?post=22682"},{"taxonomy":"post_tag","embeddable":true,"href":"https:\/\/elcafedepipa.com\/index.php\/wp-json\/wp\/v2\/tags?post=22682"}],"curies":[{"name":"wp","href":"https:\/\/api.w.org\/{rel}","templated":true}]}}