{"id":22677,"date":"2026-03-12T10:32:41","date_gmt":"2026-03-12T09:32:41","guid":{"rendered":"https:\/\/elcafedepipa.com\/?p=22677"},"modified":"2026-03-12T11:26:59","modified_gmt":"2026-03-12T10:26:59","slug":"les-falles-de-la-vall-duixo-presenten-quasi-un-centenar-dactes-oberts-a-tota-la-ciutadania","status":"publish","type":"post","link":"https:\/\/elcafedepipa.com\/index.php\/2026\/03\/12\/les-falles-de-la-vall-duixo-presenten-quasi-un-centenar-dactes-oberts-a-tota-la-ciutadania\/","title":{"rendered":"Les Falles de la Vall d\u2019Uix\u00f3 presenten quasi un centenar d\u2019actes oberts a tota la ciutadania"},"content":{"rendered":"\n<p><strong>Les nou comissions falleres programen m\u00e9s de 40 actuacions musicals en directe fins al 19 de mar\u00e7<\/strong><\/p>\n\n\n\n<p><br><br>Les Falles de la Vall d\u2019Uix\u00f3 han presentat la programaci\u00f3 de la&nbsp;seua&nbsp;setmana, que comptar\u00e0 amb quasi un centenar d\u2019actes oberts a tota la ciutadania i que es desenvoluparan&nbsp;fins&nbsp;al 19 de mar\u00e7 amb la participaci\u00f3 de les nou&nbsp;comissions&nbsp;falleres del municipi. Durant aquests dies, els carrers de la ciutat acolliran quasi 40 actuacions&nbsp;musicals&nbsp;en directe, m\u00e9s de 25 activitats culturals i esportives i&nbsp;m\u00e9s d\u2019una desena d&#8217;activitats per als m\u00e9s menuts.<\/p>\n\n\n\n<p><br>El regidor de Festes, Ximo Zorrilla, ha destacat que \u201cdes de fa uns anys hem aconseguit que les Falles de la Vall siguen cada vegada m\u00e9s obertes, participatives i pensades per a tot el m\u00f3n\u201d. En aquest sentit, ha remarcat el treball conjunt de les comissions falleres i de la Junta Local Fallera per ampliar la programaci\u00f3 i fer-la accessible a tota la ciutadania,&nbsp;amb la col\u00b7laboraci\u00f3 de l\u2019Ajuntament.<\/p>\n\n\n\n<p><br>El president de la Junta Local Fallera, Lluis Ambou ha ressaltat que &#8220;des de hui mateix ja&nbsp;es comencen a&nbsp;vore els monuments fallers als carrers de la ciutat, i dem\u00e0 ser\u00e0 el jurat oficial qui els visitar\u00e0 per valorar-los\u201d.&nbsp;L\u2019entrega de premis tindr\u00e0 lloc a les 19.00 hores al Teatre Municipal Carmen Tur,&nbsp;amb acc\u00e9s lliure fins completar l\u2019aforament.<\/p>\n\n\n\n<p><br>Entre els actes principals de la setmana, la Junta Local Fallera ha destacat l\u2019ofrena a la capella de la Mare de D\u00e9u dels Desemparats, que se celebrar\u00e0 diumenge 15 de mar\u00e7, aix\u00ed com les tradicionals visites m\u00fatues de les comissions falleres&nbsp;(dilluns&nbsp;16&nbsp;i dimarts&nbsp;17). La setmana&nbsp;fallera&nbsp;culminar\u00e0 amb la masclet\u00e0 del dia 19 a les 14.00 hores a la pla\u00e7a del Mercat,&nbsp;a c\u00e0rrec de Pirotecnia Pe\u00f1arroja.<\/p>\n\n\n\n<p><br>Zorrilla ha fet una crida al \u201crespecte i a la conviv\u00e8ncia durant totes les&nbsp;Falles\u201d, i ha agra\u00eft el treball i la predisposici\u00f3 de&nbsp;Junta Local Fallera i&nbsp;les nou&nbsp;comissions&nbsp;de la Vall d\u2019Uix\u00f3, que fan possible any rere any \u201cuna de les festes m\u00e9s importants del municipi\u201d&nbsp;i que enguany \u201cha aconseguit el seu r\u00e8cord de fallers i falleres, superant els 1.700\u201d.<\/p>\n\n\n\n<p><br>Finalment, el regidor de Falles i el president de la Junta Local Fallera han animat a ve\u00efns, ve\u00efnes i visitants a participar en els diferents actes programats al llarg de la setmana: \u201cconvidem a tot el m\u00f3n a eixir al carrer i gaudir de les Falles de la Vall, que s\u00f3n una festa de conviv\u00e8ncia, tradici\u00f3 i participaci\u00f3\u201d.<\/p>\n\n\n\n<p>HORARIS<\/p>\n\n\n\n<p>Cal recordar que l\u2019Ajuntament regula els horaris de les verbenes i festes amb m\u00fasica. Els dies 13, 14 i 18 de mar\u00e7 es permetr\u00e0 m\u00fasica fins a les 3.30 hores de la matinada, mentre que la resta de dies el l\u00edmit ser\u00e0 la 1.00 de la matinada.&nbsp;A m\u00e9s, existeix la recomanaci\u00f3 no tirar coets&nbsp;de 9.00 a 11.00 hores&nbsp;i&nbsp;de 15.00 a 17.00 hores, i la prohibici\u00f3&nbsp;en horari nocturn a partir de les 22.00 hores.<\/p>\n\n\n\n<p><\/p>\n","protected":false},"excerpt":{"rendered":"<p>Les nou comissions falleres programen m\u00e9s de 40 actuacions musicals en directe fins al 19 de mar\u00e7 Les Falles de la Vall d\u2019Uix\u00f3 han presentat la programaci\u00f3 de la&nbsp;seua&nbsp;setmana, que comptar\u00e0 amb quasi un centenar d\u2019actes oberts a tota la ciutadania i que es desenvoluparan&nbsp;fins&nbsp;al 19 de mar\u00e7 amb la participaci\u00f3 de les nou&nbsp;comissions&nbsp;falleres del &#8230; <a title=\"Les Falles de la Vall d\u2019Uix\u00f3 presenten quasi un centenar d\u2019actes oberts a tota la ciutadania\" class=\"read-more\" href=\"https:\/\/elcafedepipa.com\/index.php\/2026\/03\/12\/les-falles-de-la-vall-duixo-presenten-quasi-un-centenar-dactes-oberts-a-tota-la-ciutadania\/\" aria-label=\"M\u00e9s informaci\u00f3 sobre Les Falles de la Vall d\u2019Uix\u00f3 presenten quasi un centenar d\u2019actes oberts a tota la ciutadania\">Read more<\/a><\/p>\n","protected":false},"author":2,"featured_media":22680,"comment_status":"closed","ping_status":"closed","sticky":false,"template":"","format":"standard","meta":{"om_disable_all_campaigns":false,"_monsterinsights_skip_tracking":false,"_monsterinsights_sitenote_active":false,"_monsterinsights_sitenote_note":"","_monsterinsights_sitenote_category":0,"_uf_show_specific_survey":0,"_uf_disable_surveys":false,"footnotes":""},"categories":[2],"tags":[],"class_list":["post-22677","post","type-post","status-publish","format-standard","has-post-thumbnail","hentry","category-lavallduixo"],"_links":{"self":[{"href":"https:\/\/elcafedepipa.com\/index.php\/wp-json\/wp\/v2\/posts\/22677","targetHints":{"allow":["GET"]}}],"collection":[{"href":"https:\/\/elcafedepipa.com\/index.php\/wp-json\/wp\/v2\/posts"}],"about":[{"href":"https:\/\/elcafedepipa.com\/index.php\/wp-json\/wp\/v2\/types\/post"}],"author":[{"embeddable":true,"href":"https:\/\/elcafedepipa.com\/index.php\/wp-json\/wp\/v2\/users\/2"}],"replies":[{"embeddable":true,"href":"https:\/\/elcafedepipa.com\/index.php\/wp-json\/wp\/v2\/comments?post=22677"}],"version-history":[{"count":2,"href":"https:\/\/elcafedepipa.com\/index.php\/wp-json\/wp\/v2\/posts\/22677\/revisions"}],"predecessor-version":[{"id":22681,"href":"https:\/\/elcafedepipa.com\/index.php\/wp-json\/wp\/v2\/posts\/22677\/revisions\/22681"}],"wp:featuredmedia":[{"embeddable":true,"href":"https:\/\/elcafedepipa.com\/index.php\/wp-json\/wp\/v2\/media\/22680"}],"wp:attachment":[{"href":"https:\/\/elcafedepipa.com\/index.php\/wp-json\/wp\/v2\/media?parent=22677"}],"wp:term":[{"taxonomy":"category","embeddable":true,"href":"https:\/\/elcafedepipa.com\/index.php\/wp-json\/wp\/v2\/categories?post=22677"},{"taxonomy":"post_tag","embeddable":true,"href":"https:\/\/elcafedepipa.com\/index.php\/wp-json\/wp\/v2\/tags?post=22677"}],"curies":[{"name":"wp","href":"https:\/\/api.w.org\/{rel}","templated":true}]}}