{"id":22673,"date":"2026-03-12T09:31:21","date_gmt":"2026-03-12T08:31:21","guid":{"rendered":"https:\/\/elcafedepipa.com\/?p=22673"},"modified":"2026-03-12T09:31:31","modified_gmt":"2026-03-12T08:31:31","slug":"compromis-per-la-vall-inicia-hui-el-cicle-de-conferencies-habitar-la-vall-amb-joan-ribo","status":"publish","type":"post","link":"https:\/\/elcafedepipa.com\/index.php\/2026\/03\/12\/compromis-per-la-vall-inicia-hui-el-cicle-de-conferencies-habitar-la-vall-amb-joan-ribo\/","title":{"rendered":"Comprom\u00eds per la Vall inicia hui el cicle de confer\u00e8ncies \u2018Habitar la Vall\u2019 amb Joan Rib\u00f3\u00a0"},"content":{"rendered":"\n<p><strong>L\u2019acte tindr\u00e0 lloc hui, 12 de mar\u00e7, a les 19:00 hores al Teatre Carmen Tur.<\/strong><\/p>\n\n\n\n<p>Comprom\u00eds per la Vall arranca el seu ambici\u00f3s cicle de xarrades i confer\u00e8ncies sota el t\u00edtol \u2018Habitar la Vall\u2019. Esta iniciativa naix amb l\u2019objectiu de crear un espai de debat ciutad\u00e0 i reflexi\u00f3 pol\u00edtica que acompanyar\u00e0 a la localitat durant els pr\u00f2xims mesos, comptant amb veus referents de la gesti\u00f3 p\u00fablica i la societat civil.<\/p>\n\n\n\n<p>L\u2019obertura d\u2019aquest cicle ser\u00e0 amb la participaci\u00f3 de Joan Rib\u00f3, qui va ser alcalde de Val\u00e8ncia entre 2015 i 2023. La pres\u00e8ncia de Rib\u00f3 \u00e9s una de les fites m\u00e9s destacades de la programaci\u00f3, ja que la seua experi\u00e8ncia al capdavant l\u2019alcaldia ha estat referent en sostenibilitat i pol\u00edtiques de proximitat, i servir\u00e0 d\u2019inspiraci\u00f3 per a aplicar solucions innovadores a la realitat de la Vall d\u2019Uix\u00f3.<\/p>\n\n\n\n<p>A la taula l\u2019acompanyar\u00e0 M\u00aa Jos\u00e9 Arnau, mestra de prim\u00e0ria, aportant la visi\u00f3 educativa i social necess\u00e0ria per a construir un municipi m\u00e9s hum\u00e0. L&#8217;acte estar\u00e0 moderat per Jorge Marqu\u00e9s, regidor a l\u2019Ajuntament i edil de Comprom\u00eds.<\/p>\n\n\n\n<p>Marqu\u00e9s ha destacat la import\u00e0ncia estrat\u00e8gica d&#8217;aquestes jornades: &#8220;Iniciem aquest cicle des de la convicci\u00f3 que habitar un poble \u00e9s molt m\u00e9s que viure-hi; \u00e9s cuidar-lo i pensar-lo conjuntament\u201d. Per aquesta ra\u00f3, \u201cnecessitem un acte col\u00b7laboratiu, on les persones que vinguen es sumen com a veus participants del mateix\u201d<\/p>\n\n\n\n<p>Marqu\u00e9s ha afegit que este \u00e9s nom\u00e9s el primer pas d\u2019un cam\u00ed de mesos en qu\u00e8 Comprom\u00eds vol &#8220;escoltar i debatre amb la ciutadania sobre la Vall que volem, posant al centre les persones, les fam\u00edlies i el benestar col\u00b7lectiu al centre de totes les decisions municipals&#8221;.<\/p>\n\n\n\n<p>L\u2019acte es realitzar\u00e0 hui, dijous 12 de mar\u00e7 a les 19:00 hores al Teatre Carmen Tur. Des de l\u2019organitzaci\u00f3 es convida a tots els ve\u00efns i ve\u00efnes a participar en aquesta jornada inaugural d\u2019un cicle que pret\u00e9n marcar el full de ruta del futur de la Vall.<\/p>\n\n\n\n<p><\/p>\n","protected":false},"excerpt":{"rendered":"<p>L\u2019acte tindr\u00e0 lloc hui, 12 de mar\u00e7, a les 19:00 hores al Teatre Carmen Tur. Comprom\u00eds per la Vall arranca el seu ambici\u00f3s cicle de xarrades i confer\u00e8ncies sota el t\u00edtol \u2018Habitar la Vall\u2019. Esta iniciativa naix amb l\u2019objectiu de crear un espai de debat ciutad\u00e0 i reflexi\u00f3 pol\u00edtica que acompanyar\u00e0 a la localitat durant &#8230; <a title=\"Comprom\u00eds per la Vall inicia hui el cicle de confer\u00e8ncies \u2018Habitar la Vall\u2019 amb Joan Rib\u00f3\u00a0\" class=\"read-more\" href=\"https:\/\/elcafedepipa.com\/index.php\/2026\/03\/12\/compromis-per-la-vall-inicia-hui-el-cicle-de-conferencies-habitar-la-vall-amb-joan-ribo\/\" aria-label=\"M\u00e9s informaci\u00f3 sobre Comprom\u00eds per la Vall inicia hui el cicle de confer\u00e8ncies \u2018Habitar la Vall\u2019 amb Joan Rib\u00f3\u00a0\">Read more<\/a><\/p>\n","protected":false},"author":2,"featured_media":22674,"comment_status":"closed","ping_status":"closed","sticky":false,"template":"","format":"standard","meta":{"om_disable_all_campaigns":false,"_monsterinsights_skip_tracking":false,"_monsterinsights_sitenote_active":false,"_monsterinsights_sitenote_note":"","_monsterinsights_sitenote_category":0,"_uf_show_specific_survey":0,"_uf_disable_surveys":false,"footnotes":""},"categories":[2],"tags":[],"class_list":["post-22673","post","type-post","status-publish","format-standard","has-post-thumbnail","hentry","category-lavallduixo"],"_links":{"self":[{"href":"https:\/\/elcafedepipa.com\/index.php\/wp-json\/wp\/v2\/posts\/22673","targetHints":{"allow":["GET"]}}],"collection":[{"href":"https:\/\/elcafedepipa.com\/index.php\/wp-json\/wp\/v2\/posts"}],"about":[{"href":"https:\/\/elcafedepipa.com\/index.php\/wp-json\/wp\/v2\/types\/post"}],"author":[{"embeddable":true,"href":"https:\/\/elcafedepipa.com\/index.php\/wp-json\/wp\/v2\/users\/2"}],"replies":[{"embeddable":true,"href":"https:\/\/elcafedepipa.com\/index.php\/wp-json\/wp\/v2\/comments?post=22673"}],"version-history":[{"count":1,"href":"https:\/\/elcafedepipa.com\/index.php\/wp-json\/wp\/v2\/posts\/22673\/revisions"}],"predecessor-version":[{"id":22675,"href":"https:\/\/elcafedepipa.com\/index.php\/wp-json\/wp\/v2\/posts\/22673\/revisions\/22675"}],"wp:featuredmedia":[{"embeddable":true,"href":"https:\/\/elcafedepipa.com\/index.php\/wp-json\/wp\/v2\/media\/22674"}],"wp:attachment":[{"href":"https:\/\/elcafedepipa.com\/index.php\/wp-json\/wp\/v2\/media?parent=22673"}],"wp:term":[{"taxonomy":"category","embeddable":true,"href":"https:\/\/elcafedepipa.com\/index.php\/wp-json\/wp\/v2\/categories?post=22673"},{"taxonomy":"post_tag","embeddable":true,"href":"https:\/\/elcafedepipa.com\/index.php\/wp-json\/wp\/v2\/tags?post=22673"}],"curies":[{"name":"wp","href":"https:\/\/api.w.org\/{rel}","templated":true}]}}