{"id":22655,"date":"2026-03-11T13:29:03","date_gmt":"2026-03-11T12:29:03","guid":{"rendered":"https:\/\/elcafedepipa.com\/?p=22655"},"modified":"2026-03-11T13:29:14","modified_gmt":"2026-03-11T12:29:14","slug":"lajuntament-de-la-vall-duixo-impulsa-les-ii-jornades-de-memoria-democratica-del-23-al-25-de-marc","status":"publish","type":"post","link":"https:\/\/elcafedepipa.com\/index.php\/2026\/03\/11\/lajuntament-de-la-vall-duixo-impulsa-les-ii-jornades-de-memoria-democratica-del-23-al-25-de-marc\/","title":{"rendered":"L&#8217;Ajuntament de la Vall d&#8217;Uix\u00f3 impulsa les II Jornades de Mem\u00f2ria Democr\u00e0tica del 23 al 25 de mar\u00e7"},"content":{"rendered":"\n<p><strong>Al costat de l&#8217;IES Benigasl\u00f3 ha programat la pel\u00b7l\u00edcula &#8216;La invasi\u00f3 dels b\u00e0rbars&#8217; i pon\u00e8ncies sobre Rosa Giner i la repressi\u00f3 dels docents a la Rep\u00fablica<\/strong><\/p>\n\n\n\n<p>L&#8217;Ajuntament de la Vall d&#8217;Uix\u00f3 i l&#8217;IES Benigasl\u00f3 coorganitzen les II Jornades de Mem\u00f2ria Democr\u00e0tica del 23 al 25 de mar\u00e7. Aquesta \u00e9s la segona edici\u00f3 amb suport municipal, per\u00f2 ja en fa quatre que el centre educatiu impulsa aquest projecte formatiu, que promou els valors democr\u00e0tics des de l&#8217;educaci\u00f3 p\u00fablica<\/p>\n\n\n\n<p>Va ser l&#8217;any passat quan l&#8217;Ajuntament \u201cva assumir la seva organitzaci\u00f3 al costat del Benigasl\u00f3, despr\u00e9s de perdre el suport i el finan\u00e7ament de la Generalitat Valenciana\u201d, tal com ha explicat el regidor de Mem\u00f2ria Democr\u00e0tica i Educaci\u00f3, Manel Agea. I \u00e9s que \u201cuna de les eines m\u00e9s importants per promoure els valors democr\u00e0tics, la veritat, la just\u00edcia i la reparaci\u00f3 \u00e9s l&#8217;educaci\u00f3\u201d.<\/p>\n\n\n\n<p>Del 23 al 25 de mar\u00e7 s&#8217;han programat tres activitats obertes a la ciutadania i amb acc\u00e9s gratu\u00eft, tot i que tamb\u00e9 es fan accions internes a nivell de centre. L&#8217;obertura ser\u00e0 el 23 de mar\u00e7 a les 18.00 hores al Teatre Municipal, amb la projecci\u00f3 de la pel\u00b7l\u00edcula La invasi\u00f3 dels b\u00e0rbars i el col\u00b7loqui posterior.<\/p>\n\n\n\n<p>La programaci\u00f3 continuar\u00e0 el 24 de mar\u00e7, a les 18.00 hores a la Biblioteca Municipal, amb la pon\u00e8ncia Rosa Giner a c\u00e0rrec d&#8217;Eva Alc\u00f3n. I la cloenda ser\u00e0 el 25 de mar\u00e7 a les 18.00 hores al sal\u00f3 d&#8217;actes de l&#8217;IES Benigasl\u00f3, amb la pon\u00e8ncia &#8216;Els docents de la Rep\u00fablica&#8217; a c\u00e0rrec de Carmen Agull\u00f3.<\/p>\n\n\n\n<p>Els coordinadors del projecte a l&#8217;IES Benigasl\u00f3, Alejandro Forner i Carmen Garc\u00eda, han agra\u00eft a l&#8217;Ajuntament la seva implicaci\u00f3, amb l&#8217;objectiu de \u201ctreure les jornades de l&#8217;institut i apropar-les al p\u00fablic adult\u201d. Aix\u00ed, han animat la ciutadania a \u201cparticipar, perqu\u00e8 estem en un moment de gran tensi\u00f3 internacional i de p\u00e8rdua dels valors democr\u00e0tics i cal con\u00e8ixer el passat per no repetir-ho\u201d.<\/p>\n\n\n\n<p>L&#8217;IES Benigasl\u00f3 fa un treball multidisciplinari al voltant de la mem\u00f2ria democr\u00e0tica i els drets humans. Aix\u00ed, durant el curs impulsen un projecte art\u00edstic, aquest any sobre la repressi\u00f3 de les mestres i mestres a la Rep\u00fablica. La culminaci\u00f3 ser\u00e0 una instal\u00b7laci\u00f3 d&#8217;art contemporani creada pel mateix alumnat.<br>Enviar comentarios<\/p>\n","protected":false},"excerpt":{"rendered":"<p>Al costat de l&#8217;IES Benigasl\u00f3 ha programat la pel\u00b7l\u00edcula &#8216;La invasi\u00f3 dels b\u00e0rbars&#8217; i pon\u00e8ncies sobre Rosa Giner i la repressi\u00f3 dels docents a la Rep\u00fablica L&#8217;Ajuntament de la Vall d&#8217;Uix\u00f3 i l&#8217;IES Benigasl\u00f3 coorganitzen les II Jornades de Mem\u00f2ria Democr\u00e0tica del 23 al 25 de mar\u00e7. Aquesta \u00e9s la segona edici\u00f3 amb suport municipal, &#8230; <a title=\"L&#8217;Ajuntament de la Vall d&#8217;Uix\u00f3 impulsa les II Jornades de Mem\u00f2ria Democr\u00e0tica del 23 al 25 de mar\u00e7\" class=\"read-more\" href=\"https:\/\/elcafedepipa.com\/index.php\/2026\/03\/11\/lajuntament-de-la-vall-duixo-impulsa-les-ii-jornades-de-memoria-democratica-del-23-al-25-de-marc\/\" aria-label=\"M\u00e9s informaci\u00f3 sobre L&#8217;Ajuntament de la Vall d&#8217;Uix\u00f3 impulsa les II Jornades de Mem\u00f2ria Democr\u00e0tica del 23 al 25 de mar\u00e7\">Read more<\/a><\/p>\n","protected":false},"author":2,"featured_media":22656,"comment_status":"closed","ping_status":"closed","sticky":false,"template":"","format":"standard","meta":{"om_disable_all_campaigns":false,"_monsterinsights_skip_tracking":false,"_monsterinsights_sitenote_active":false,"_monsterinsights_sitenote_note":"","_monsterinsights_sitenote_category":0,"_uf_show_specific_survey":0,"_uf_disable_surveys":false,"footnotes":""},"categories":[1],"tags":[],"class_list":["post-22655","post","type-post","status-publish","format-standard","has-post-thumbnail","hentry","category-non-classe"],"_links":{"self":[{"href":"https:\/\/elcafedepipa.com\/index.php\/wp-json\/wp\/v2\/posts\/22655","targetHints":{"allow":["GET"]}}],"collection":[{"href":"https:\/\/elcafedepipa.com\/index.php\/wp-json\/wp\/v2\/posts"}],"about":[{"href":"https:\/\/elcafedepipa.com\/index.php\/wp-json\/wp\/v2\/types\/post"}],"author":[{"embeddable":true,"href":"https:\/\/elcafedepipa.com\/index.php\/wp-json\/wp\/v2\/users\/2"}],"replies":[{"embeddable":true,"href":"https:\/\/elcafedepipa.com\/index.php\/wp-json\/wp\/v2\/comments?post=22655"}],"version-history":[{"count":1,"href":"https:\/\/elcafedepipa.com\/index.php\/wp-json\/wp\/v2\/posts\/22655\/revisions"}],"predecessor-version":[{"id":22657,"href":"https:\/\/elcafedepipa.com\/index.php\/wp-json\/wp\/v2\/posts\/22655\/revisions\/22657"}],"wp:featuredmedia":[{"embeddable":true,"href":"https:\/\/elcafedepipa.com\/index.php\/wp-json\/wp\/v2\/media\/22656"}],"wp:attachment":[{"href":"https:\/\/elcafedepipa.com\/index.php\/wp-json\/wp\/v2\/media?parent=22655"}],"wp:term":[{"taxonomy":"category","embeddable":true,"href":"https:\/\/elcafedepipa.com\/index.php\/wp-json\/wp\/v2\/categories?post=22655"},{"taxonomy":"post_tag","embeddable":true,"href":"https:\/\/elcafedepipa.com\/index.php\/wp-json\/wp\/v2\/tags?post=22655"}],"curies":[{"name":"wp","href":"https:\/\/api.w.org\/{rel}","templated":true}]}}