{"id":22639,"date":"2026-03-11T12:16:33","date_gmt":"2026-03-11T11:16:33","guid":{"rendered":"https:\/\/elcafedepipa.com\/?p=22639"},"modified":"2026-03-11T12:16:47","modified_gmt":"2026-03-11T11:16:47","slug":"el-ppcs-exigix-des-del-congres-mes-inversions-i-menys-retards-i-cancellacions-ferroviaries-perque-son-salvavides-per-a-milers-de-castellonencs","status":"publish","type":"post","link":"https:\/\/elcafedepipa.com\/index.php\/2026\/03\/11\/el-ppcs-exigix-des-del-congres-mes-inversions-i-menys-retards-i-cancellacions-ferroviaries-perque-son-salvavides-per-a-milers-de-castellonencs\/","title":{"rendered":"El PPCS &#8220;exigix des del Congr\u00e9s m\u00e9s inversions i menys retards i cancel\u00b7lacions ferrovi\u00e0ries, perqu\u00e8 s\u00f3n salvavides per a milers de castellonencs&#8221;"},"content":{"rendered":"\n<ul class=\"wp-block-list\">\n<li>\u00d3scar Clavell, diputat nacional del PPCS, reclama la \u201cgesti\u00f3 responsable\u201d d&#8217;una infraestructura \u201cb\u00e0sica\u201d en la vida de milers de ciutadans de la nostra prov\u00edncia\u201d. \u201cEstudiants, treballadors o pacients depenen d&#8217;este mitj\u00e0 de transport cada dia\u201d<\/li>\n<\/ul>\n\n\n\n<ul class=\"wp-block-list\">\n<li>El diputat nacional recorda que l&#8217;increment del combustible a conseq\u00fc\u00e8ncia de la guerra de l&#8217;Iran \u201cest\u00e0 provocant que als milers d&#8217;usuaris habituals se sumen altres punts perqu\u00e8 la pressi\u00f3 fiscal del sanchisme sobre les fam\u00edlies \u00e9s insuportable\u201d<\/li>\n<\/ul>\n\n\n\n<ul class=\"wp-block-list\">\n<li>La defensa que el PPCS abandera des del Congr\u00e9s refor\u00e7a l&#8217;exig\u00e8ncia que el partit va liderar al gener al Senat i que demanava avaluar la infraestructura ferrovi\u00e0ria a la prov\u00edncia. Al febrer, el PPCS va presentar una bateria de preguntes sobre l&#8217;incendi en la caten\u00e0ria registrat a Torreblanca que va provocar greus retards<\/li>\n<\/ul>\n\n\n\n<p>El Partit Popular de la prov\u00edncia de Castell\u00f3 ha exigit des del Congr\u00e9s m\u00e9s inversions per a la xarxa ferrovi\u00e0ria de la prov\u00edncia de Castell\u00f3 amb l&#8217;objectiu d&#8217;acabar amb els retards i cancel\u00b7lacions &#8220;que de manera peri\u00f2dica patixen els castellonencs&#8221; i que limiten la velocitat dels combois.<\/p>\n\n\n\n<p>&#8220;El tren \u00e9s hui el salvavides de milers de ciutadans&#8221;, ha assenyalat el diputat nacional del PPCS, \u00d3scar Clavell. &#8220;I ho \u00e9s perqu\u00e8 no sols connecta a estudiants i treballadors, tamb\u00e9 enlla\u00e7a a pacients amb centres hospitalaris de refer\u00e8ncia. Ciutadans en general que depenen d&#8217;este mitj\u00e0 de transport de manera cont\u00ednua per a despla\u00e7ar-se&#8221;.<\/p>\n\n\n\n<p>\u00c9s per aix\u00f2, explica Clavell, que el que necessita la infraestructura ferrovi\u00e0ria s\u00f3n &#8220;m\u00e9s inversions&#8221; i &#8220;menys cancel\u00b7lacions&#8221;. &#8220;I per a aix\u00f2 necessitem un govern que governe i no un president que resistisca&#8221;. &#8220;La nostra prov\u00edncia i Espanya sencera est\u00e0 en mans d&#8217;un govern que castiga i no resol, que crea problemes en lloc de solucionar-los&#8221;.<\/p>\n\n\n\n<p>A la prov\u00edncia de Castell\u00f3 &#8220;es continuen donant retards de trens, freq\u00fc\u00e8ncies que s&#8217;incomplixen de manera constant i combois que patixen incid\u00e8ncies&#8221;. &#8220;I no es pot abandonar a la seua sort a un servici b\u00e0sic com este del qual depenen milers de ciutadans&#8221;. Usuaris habituals als quals ara se sumen uns altres que veuen al tren una alternativa al gasto de combustible que escala preus a conseq\u00fc\u00e8ncia de la guerra de l&#8217;Iran. &#8220;El conflicte b\u00e8l\u00b7lic internacional ens afecta, per\u00f2 portem anys patint una insuportable pressi\u00f3 fiscal provocada per Pedro S\u00e1nchez&#8221;.<\/p>\n\n\n\n<p><strong>Les accions al Senat<\/strong><strong><\/strong><\/p>\n\n\n\n<p>Cal assenyalar que la defensa del PPCS des del Congr\u00e9s continua les exig\u00e8ncies que el partit va abanderar al Senat des de principis d&#8217;any amb una iniciativa que demana informaci\u00f3 sobre les limitacions de velocitat.<\/p>\n\n\n\n<p>El mes de gener, el PPCS va exigir en la Cambra Alta que el Govern d&#8217;Espanya informara de l&#8217;estat de la infraestructura ferrovi\u00e0ria al seu pas per la prov\u00edncia de Castell\u00f3 despr\u00e9s dels dram\u00e0tics accidents d&#8217;Adamuz i Gelida.<\/p>\n\n\n\n<p>Al febrer, el partit va motivar una nova ronda de preguntes amb l&#8217;objectiu d&#8217;esclarir els motius que van provocar que el dilluns 2 de febrer un foc en la caten\u00e0ria a l&#8217;altura de l&#8217;estaci\u00f3 de Torreblanca obligara a suspendre la circulaci\u00f3 de diversos combois.<\/p>\n\n\n\n<p>El dimarts 3 de febrer altre incident registrat en el subministrament el\u00e8ctric va provocar retards de 151 minuts als viatgers d&#8217;un tren que circulava entre Castell\u00f3 de la Plana i Tarragona. L&#8217;incident estava relacionat amb el registrat el 2 de febrer.<\/p>\n\n\n\n<p>A estes mesures se suma la proposta de creaci\u00f3 d&#8217;una comissi\u00f3 d&#8217;investigaci\u00f3 sobre l&#8217;estat de la xarxa ferrovi\u00e0ria a Espanya.<\/p>\n\n\n\n<p><\/p>\n","protected":false},"excerpt":{"rendered":"<p>El Partit Popular de la prov\u00edncia de Castell\u00f3 ha exigit des del Congr\u00e9s m\u00e9s inversions per a la xarxa ferrovi\u00e0ria de la prov\u00edncia de Castell\u00f3 amb l&#8217;objectiu d&#8217;acabar amb els retards i cancel\u00b7lacions &#8220;que de manera peri\u00f2dica patixen els castellonencs&#8221; i que limiten la velocitat dels combois. &#8220;El tren \u00e9s hui el salvavides de milers &#8230; <a title=\"El PPCS &#8220;exigix des del Congr\u00e9s m\u00e9s inversions i menys retards i cancel\u00b7lacions ferrovi\u00e0ries, perqu\u00e8 s\u00f3n salvavides per a milers de castellonencs&#8221;\" class=\"read-more\" href=\"https:\/\/elcafedepipa.com\/index.php\/2026\/03\/11\/el-ppcs-exigix-des-del-congres-mes-inversions-i-menys-retards-i-cancellacions-ferroviaries-perque-son-salvavides-per-a-milers-de-castellonencs\/\" aria-label=\"M\u00e9s informaci\u00f3 sobre El PPCS &#8220;exigix des del Congr\u00e9s m\u00e9s inversions i menys retards i cancel\u00b7lacions ferrovi\u00e0ries, perqu\u00e8 s\u00f3n salvavides per a milers de castellonencs&#8221;\">Read more<\/a><\/p>\n","protected":false},"author":2,"featured_media":22640,"comment_status":"closed","ping_status":"closed","sticky":false,"template":"","format":"standard","meta":{"om_disable_all_campaigns":false,"_monsterinsights_skip_tracking":false,"_monsterinsights_sitenote_active":false,"_monsterinsights_sitenote_note":"","_monsterinsights_sitenote_category":0,"_uf_show_specific_survey":0,"_uf_disable_surveys":false,"footnotes":""},"categories":[10],"tags":[],"class_list":["post-22639","post","type-post","status-publish","format-standard","has-post-thumbnail","hentry","category-provinciadecastello"],"_links":{"self":[{"href":"https:\/\/elcafedepipa.com\/index.php\/wp-json\/wp\/v2\/posts\/22639","targetHints":{"allow":["GET"]}}],"collection":[{"href":"https:\/\/elcafedepipa.com\/index.php\/wp-json\/wp\/v2\/posts"}],"about":[{"href":"https:\/\/elcafedepipa.com\/index.php\/wp-json\/wp\/v2\/types\/post"}],"author":[{"embeddable":true,"href":"https:\/\/elcafedepipa.com\/index.php\/wp-json\/wp\/v2\/users\/2"}],"replies":[{"embeddable":true,"href":"https:\/\/elcafedepipa.com\/index.php\/wp-json\/wp\/v2\/comments?post=22639"}],"version-history":[{"count":1,"href":"https:\/\/elcafedepipa.com\/index.php\/wp-json\/wp\/v2\/posts\/22639\/revisions"}],"predecessor-version":[{"id":22641,"href":"https:\/\/elcafedepipa.com\/index.php\/wp-json\/wp\/v2\/posts\/22639\/revisions\/22641"}],"wp:featuredmedia":[{"embeddable":true,"href":"https:\/\/elcafedepipa.com\/index.php\/wp-json\/wp\/v2\/media\/22640"}],"wp:attachment":[{"href":"https:\/\/elcafedepipa.com\/index.php\/wp-json\/wp\/v2\/media?parent=22639"}],"wp:term":[{"taxonomy":"category","embeddable":true,"href":"https:\/\/elcafedepipa.com\/index.php\/wp-json\/wp\/v2\/categories?post=22639"},{"taxonomy":"post_tag","embeddable":true,"href":"https:\/\/elcafedepipa.com\/index.php\/wp-json\/wp\/v2\/tags?post=22639"}],"curies":[{"name":"wp","href":"https:\/\/api.w.org\/{rel}","templated":true}]}}