{"id":2262,"date":"2024-06-24T09:58:38","date_gmt":"2024-06-24T07:58:38","guid":{"rendered":"https:\/\/elcafedepipa.com\/?p=2262"},"modified":"2024-06-24T09:58:39","modified_gmt":"2024-06-24T07:58:39","slug":"la-diputacio-de-castello-impulsa-el-talent-jove-amb-el-campus-destiu-un-verano-de-cine","status":"publish","type":"post","link":"https:\/\/elcafedepipa.com\/index.php\/2024\/06\/24\/la-diputacio-de-castello-impulsa-el-talent-jove-amb-el-campus-destiu-un-verano-de-cine\/","title":{"rendered":"La Diputaci\u00f3 de Castell\u00f3 impulsa el talent jove amb el campus d\u2019estiu \u2018Un verano de cine\u2019"},"content":{"rendered":"\n<p><strong>Esta iniciativa tindr\u00e0 lloc de l&#8217;1 al 5 de juliol de 16.00 a 20.00 hores a l&#8217;Aula de Cinema i Televisi\u00f3 de Castell\u00f3 i est\u00e0 dirigida a joves a partir de 16 anys. \u201cUna oportunitat per a potenciar el talent emergent i conscienciar a la joventut sobre temes rellevant a trav\u00e9s de l&#8217;audiovisual\u201d, explica la diputada de Joventut, Mar\u00eda Tormo<\/strong><\/p>\n\n\n\n<p>La Diputaci\u00f3 Provincial de Castell\u00f3 ha consolidat la seua aposta pel talent jove de la prov\u00edncia amb el suport a l&#8217;innovador campus d&#8217;estiu \u2018Un\u00a0verano\u00a0de cine\u2019. \u201cUna proposta cultural amb la qual, des de la instituci\u00f3 provincial, avancem en el nostre objectiu de promoure la cultura cinematogr\u00e0fica de llarg a llarg de la geografia castellonenca i, al mateix temps, facilitar a la joventut ferramentes que contribu\u00efsquen al seu enriquiment personal i a la seua formaci\u00f3 de la m\u00e0 de professionals\u201d.\u00a0Aix\u00ed ho ha manifestat la diputada de Joventut de la Diputaci\u00f3 de Castell\u00f3,\u00a0Mar\u00eda\u00a0Tormo, qui ha\u00a0posat en valor\u00a0esta iniciativa audiovisual que t\u00e9 com a objectiu principal \u201coferir una experi\u00e8ncia educativa i pr\u00e0ctica en el m\u00f3n del cinema i la televisi\u00f3, amb un enfocament especial en la salut mental i la creaci\u00f3 de peces audiovisuals de car\u00e0cter social\u201d.<\/p>\n\n\n\n<p>En este sentit,&nbsp;Mar\u00eda&nbsp;Tormo ha considerat \u201cmolt important\u201d el suport de la Diputaci\u00f3 de Castell\u00f3 a este projecte, ja que \u201c\u00e9s una forma molt efectiva d&#8217;arribar als joves i que estos coneguen de primera m\u00e0 la creaci\u00f3 cinematogr\u00e0fica a trav\u00e9s de persones expertes en la mat\u00e8ria, afavorint una experi\u00e8ncia directa que els permeta reflexionar sobre temes crucials de la vida\u201d.<\/p>\n\n\n\n<p>\u201c\u00c9s una oportunitat \u00fanica per a potenciar el talent emergent de la prov\u00edncia i conscienciar a la joventut sobre temes rellevants a trav\u00e9s de l&#8217;audiovisual\u201d, ha ressaltat la diputada de Joventut, qui ha animat als joves castellonencs a participar i \u201cdesenvolupar el seu talent\u201d, perqu\u00e8 \u201cells s\u00f3n els inventors del dem\u00e0 i el seu entusiasme ens demostra el que est\u00e0 per vindre. Ells s\u00f3n el futur d&#8217;esta terra quallada de talent\u201d.<\/p>\n\n\n\n<p>Aix\u00ed doncs, esta iniciativa audiovisual tindr\u00e0 lloc de l&#8217;1 al 4 de juliol de 16.00 hores a 20.00 hores a l&#8217;Aula de Cinema i Televisi\u00f3 de Castell\u00f3 de la Plana i&nbsp;est\u00e0 dirigida&nbsp;a joves a partir de&nbsp;16&nbsp;anys de la prov\u00edncia de Castell\u00f3. \u201cEsta experi\u00e8ncia de cinc dies no sols contribuir\u00e0 al desenvolupament personal i professional dels joves, sin\u00f3 que tamb\u00e9 servir\u00e0 com una ferramenta per a l&#8217;educaci\u00f3 i la sensibilitzaci\u00f3 social\u201d, ha destacat&nbsp;Mar\u00eda&nbsp;Tormo.<\/p>\n\n\n\n<p>El campus \u2018Un&nbsp;verano&nbsp;de cine\u2019&nbsp;est\u00e0 dirigit&nbsp;per V\u00edctor Antol\u00ed, director i fundador de la primera escola de cinema de Castell\u00f3, \u2018Aula cinema i&nbsp;Tv\u2019, i comptar\u00e0 amb la participaci\u00f3 de professionals com&nbsp;Alex&nbsp;Brau i Ainhoa Cebri\u00e0, els qui impartiran les classes de creaci\u00f3, actuaci\u00f3, construcci\u00f3 de personatge, gui\u00f3 i direcci\u00f3. A m\u00e9s, el treball final del campus&nbsp;comptar\u00e0 amb&nbsp;la supervisi\u00f3 de Nerea L\u00f3pez, psic\u00f2loga especialitzada en joves.<\/p>\n\n\n\n<p>\u201cUna oportunitat \u00fanica per a endinsar-se en les entranyes del llenguatge cinematogr\u00e0fic, explorant les seues m\u00faltiples dimensions i descobrint el seu poder transformador en la narrativa audiovisual\u201d, ha assegurat la diputada provincial.<\/p>\n\n\n\n<p>Els participants no sols analitzaran les t\u00e8cniques i estrat\u00e8gies emprades en l&#8217;escriptura de di\u00e0legs i guions, sin\u00f3 que tamb\u00e9 experimentaran la seua aplicaci\u00f3 en exercicis pr\u00e0ctics al costat de professionals del sector.<\/p>\n\n\n\n<p>Es pot accedir a les inscripcions a trav\u00e9s de la direcci\u00f3 d&#8217;e-mail: mcano@dipcas.es indicant nom complet, edat i n\u00famero de tel\u00e8fon. Cal ressaltar que les places s\u00f3n limitades i s&#8217;assignaran per rigor\u00f3s orde de recepci\u00f3 de les inscripcions.<\/p>\n","protected":false},"excerpt":{"rendered":"<p>Esta iniciativa tindr\u00e0 lloc de l&#8217;1 al 5 de juliol de 16.00 a 20.00 hores a l&#8217;Aula de Cinema i Televisi\u00f3 de Castell\u00f3 i est\u00e0 dirigida a joves a partir de 16 anys. \u201cUna oportunitat per a potenciar el talent emergent i conscienciar a la joventut sobre temes rellevant a trav\u00e9s de l&#8217;audiovisual\u201d, explica la &#8230; <a title=\"La Diputaci\u00f3 de Castell\u00f3 impulsa el talent jove amb el campus d\u2019estiu \u2018Un verano de cine\u2019\" class=\"read-more\" href=\"https:\/\/elcafedepipa.com\/index.php\/2024\/06\/24\/la-diputacio-de-castello-impulsa-el-talent-jove-amb-el-campus-destiu-un-verano-de-cine\/\" aria-label=\"M\u00e9s informaci\u00f3 sobre La Diputaci\u00f3 de Castell\u00f3 impulsa el talent jove amb el campus d\u2019estiu \u2018Un verano de cine\u2019\">Read more<\/a><\/p>\n","protected":false},"author":2,"featured_media":0,"comment_status":"closed","ping_status":"closed","sticky":false,"template":"","format":"standard","meta":{"om_disable_all_campaigns":false,"_monsterinsights_skip_tracking":false,"_monsterinsights_sitenote_active":false,"_monsterinsights_sitenote_note":"","_monsterinsights_sitenote_category":0,"_uf_show_specific_survey":0,"_uf_disable_surveys":false,"footnotes":""},"categories":[10],"tags":[],"class_list":["post-2262","post","type-post","status-publish","format-standard","hentry","category-provinciadecastello"],"_links":{"self":[{"href":"https:\/\/elcafedepipa.com\/index.php\/wp-json\/wp\/v2\/posts\/2262","targetHints":{"allow":["GET"]}}],"collection":[{"href":"https:\/\/elcafedepipa.com\/index.php\/wp-json\/wp\/v2\/posts"}],"about":[{"href":"https:\/\/elcafedepipa.com\/index.php\/wp-json\/wp\/v2\/types\/post"}],"author":[{"embeddable":true,"href":"https:\/\/elcafedepipa.com\/index.php\/wp-json\/wp\/v2\/users\/2"}],"replies":[{"embeddable":true,"href":"https:\/\/elcafedepipa.com\/index.php\/wp-json\/wp\/v2\/comments?post=2262"}],"version-history":[{"count":0,"href":"https:\/\/elcafedepipa.com\/index.php\/wp-json\/wp\/v2\/posts\/2262\/revisions"}],"wp:attachment":[{"href":"https:\/\/elcafedepipa.com\/index.php\/wp-json\/wp\/v2\/media?parent=2262"}],"wp:term":[{"taxonomy":"category","embeddable":true,"href":"https:\/\/elcafedepipa.com\/index.php\/wp-json\/wp\/v2\/categories?post=2262"},{"taxonomy":"post_tag","embeddable":true,"href":"https:\/\/elcafedepipa.com\/index.php\/wp-json\/wp\/v2\/tags?post=2262"}],"curies":[{"name":"wp","href":"https:\/\/api.w.org\/{rel}","templated":true}]}}