{"id":2259,"date":"2024-06-24T09:55:04","date_gmt":"2024-06-24T07:55:04","guid":{"rendered":"https:\/\/elcafedepipa.com\/?p=2259"},"modified":"2024-06-24T09:55:05","modified_gmt":"2024-06-24T07:55:05","slug":"inicien-les-jornades-de-portes-obertes-en-la-torre-bivalcadim-del-castell-dalmenara","status":"publish","type":"post","link":"https:\/\/elcafedepipa.com\/index.php\/2024\/06\/24\/inicien-les-jornades-de-portes-obertes-en-la-torre-bivalcadim-del-castell-dalmenara\/","title":{"rendered":"Inicien\u00a0les jornades de portes obertes en la Torre\u00a0Bivalcadim\u00a0del Castell d&#8217;Almenara"},"content":{"rendered":"\n<p>Aquest cap de setmana han comen\u00e7at les jornades de portes obertes en les quals els ve\u00efns, ve\u00efnes i visitants d&#8217;Almenara poden con\u00e9ixer la Torre&nbsp;Bivalcadim&nbsp;del Castell d\u2019Almenara, coneguda popularment com l\u2019Ag\u00fcelet, una vegada han acabat les obres de restauraci\u00f3 i recuperaci\u00f3 d&#8217;aquesta.<br><br>Al voltant de 80 persones, que van formalitzar la seua inscripci\u00f3 pr\u00e8via gratu\u00efta, han passat per la Torre&nbsp;Bivalcadim&nbsp;per a con\u00e9ixer de la m\u00e0 d&#8217;un dels encarregats del projecte de restauraci\u00f3, Jos\u00e9 Francisco Albelda (Arqueocas), tota la hist\u00f2ria de la Torre, per\u00f2 tamb\u00e9 el proc\u00e9s de restauraci\u00f3 i el perqu\u00e8 de les actuacions dutes a terme. Les visites guiades s&#8217;estan realitzant en grups redu\u00efts a causa de les dimensions de l&#8217;interior de la Torre.<\/p>\n\n\n\n<p>La Torre&nbsp;Bivalcadim&nbsp;en aquestes jornades de portes obertes es pot rec\u00f3rrer de mode semblant a com es feia durant \u00e8poca renaixentista a trav\u00e9s d&#8217;escales de m\u00e0 per a accedir des de l&#8217;exterior a primera planta i des d&#8217;aquesta al seu torn accedir mitjan\u00e7ant altres escales a l&#8217;aljub de la planta baixa i a la coberta, zona on els visitants podran gaudir de l&#8217;experi\u00e8ncia de visualitzar tot el paisatge a trav\u00e9s dels merlets del parapet defensiu.<br><br>La intenci\u00f3 de l&#8217;Ajuntament d&#8217;Almenara \u00e9s convertir en habituals aquestes visites guiades, per la qual cosa a partir d&#8217;octubre hi haur\u00e0 una visita guiada mensual fins a final d&#8217;any, que es prolongaran en el temps en cas que hi haja demanda.<br><br>D&#8217;altra banda, l&#8217;Ajuntament d&#8217;Almenara est\u00e0 preparant per a despr\u00e9s de l&#8217;estiu una reuni\u00f3 informativa en el Sal\u00f3 de Plens de l&#8217;Ajuntament d&#8217;Almenara en la qual es mostrar\u00e0 tota l&#8217;actuaci\u00f3 duta a terme i es comptar\u00e0 el proc\u00e9s de restauraci\u00f3 i recuperaci\u00f3 per a totes les persones interessades.<\/p>\n","protected":false},"excerpt":{"rendered":"<p>Aquest cap de setmana han comen\u00e7at les jornades de portes obertes en les quals els ve\u00efns, ve\u00efnes i visitants d&#8217;Almenara poden con\u00e9ixer la Torre&nbsp;Bivalcadim&nbsp;del Castell d\u2019Almenara, coneguda popularment com l\u2019Ag\u00fcelet, una vegada han acabat les obres de restauraci\u00f3 i recuperaci\u00f3 d&#8217;aquesta. Al voltant de 80 persones, que van formalitzar la seua inscripci\u00f3 pr\u00e8via gratu\u00efta, han &#8230; <a title=\"Inicien\u00a0les jornades de portes obertes en la Torre\u00a0Bivalcadim\u00a0del Castell d&#8217;Almenara\" class=\"read-more\" href=\"https:\/\/elcafedepipa.com\/index.php\/2024\/06\/24\/inicien-les-jornades-de-portes-obertes-en-la-torre-bivalcadim-del-castell-dalmenara\/\" aria-label=\"M\u00e9s informaci\u00f3 sobre Inicien\u00a0les jornades de portes obertes en la Torre\u00a0Bivalcadim\u00a0del Castell d&#8217;Almenara\">Read more<\/a><\/p>\n","protected":false},"author":2,"featured_media":0,"comment_status":"closed","ping_status":"closed","sticky":false,"template":"","format":"standard","meta":{"om_disable_all_campaigns":false,"_monsterinsights_skip_tracking":false,"_monsterinsights_sitenote_active":false,"_monsterinsights_sitenote_note":"","_monsterinsights_sitenote_category":0,"_uf_show_specific_survey":0,"_uf_disable_surveys":false,"footnotes":""},"categories":[5],"tags":[],"class_list":["post-2259","post","type-post","status-publish","format-standard","hentry","category-almenara"],"_links":{"self":[{"href":"https:\/\/elcafedepipa.com\/index.php\/wp-json\/wp\/v2\/posts\/2259","targetHints":{"allow":["GET"]}}],"collection":[{"href":"https:\/\/elcafedepipa.com\/index.php\/wp-json\/wp\/v2\/posts"}],"about":[{"href":"https:\/\/elcafedepipa.com\/index.php\/wp-json\/wp\/v2\/types\/post"}],"author":[{"embeddable":true,"href":"https:\/\/elcafedepipa.com\/index.php\/wp-json\/wp\/v2\/users\/2"}],"replies":[{"embeddable":true,"href":"https:\/\/elcafedepipa.com\/index.php\/wp-json\/wp\/v2\/comments?post=2259"}],"version-history":[{"count":0,"href":"https:\/\/elcafedepipa.com\/index.php\/wp-json\/wp\/v2\/posts\/2259\/revisions"}],"wp:attachment":[{"href":"https:\/\/elcafedepipa.com\/index.php\/wp-json\/wp\/v2\/media?parent=2259"}],"wp:term":[{"taxonomy":"category","embeddable":true,"href":"https:\/\/elcafedepipa.com\/index.php\/wp-json\/wp\/v2\/categories?post=2259"},{"taxonomy":"post_tag","embeddable":true,"href":"https:\/\/elcafedepipa.com\/index.php\/wp-json\/wp\/v2\/tags?post=2259"}],"curies":[{"name":"wp","href":"https:\/\/api.w.org\/{rel}","templated":true}]}}