{"id":22556,"date":"2026-03-09T09:32:08","date_gmt":"2026-03-09T08:32:08","guid":{"rendered":"https:\/\/elcafedepipa.com\/?p=22556"},"modified":"2026-03-09T09:32:24","modified_gmt":"2026-03-09T08:32:24","slug":"almenara-commemora-el-8m-amb-una-jornada-dactivitats-culturals-esportives-i-reivindicatives","status":"publish","type":"post","link":"https:\/\/elcafedepipa.com\/index.php\/2026\/03\/09\/almenara-commemora-el-8m-amb-una-jornada-dactivitats-culturals-esportives-i-reivindicatives\/","title":{"rendered":"Almenara commemora el 8M amb una jornada d&#8217;activitats culturals, esportives i reivindicatives"},"content":{"rendered":"\n<p><strong>Prop de 200 persones van participar en una marxa de 5 quil\u00f2metres que va donar pas a una \u201cxocolat\u00e0\u201d, una coreografia col\u00b7lectiva, la lectura del manifest del Dia Internacional de les Dones i el mon\u00f2leg \u201c1 de 4\u201d,<\/strong><\/p>\n\n\n\n<p><\/p>\n\n\n\n<p>Al voltant de 200 persones han participat aquesta vesprada en una nova edici\u00f3 de la Marxa de la Dona, amb la qual han comen\u00e7at a Almenara els actes commemoratius del 8M, Dia Internacional de les Dones. La jornada ha continuat amb diverses activitats culturals i participatives organitzades per a visibilitzar la igualtat i la realitat de les dones.<\/p>\n\n\n\n<p>La programaci\u00f3 s&#8217;ha iniciat amb la marxa, en la qual les persones participants han caminat aproximadament cinc quil\u00f2metres pel terme municipal d&#8217;Almenara. El recorregut ha acabat en la pla\u00e7a exterior del Centre FPA Paulo Freire, on s&#8217;ha dut a terme la tradicional \u201cxocolat\u00e0\u201d.<\/p>\n\n\n\n<p>A continuaci\u00f3, el Grup de Ball del Centre FPA Paulo Freire ha convidat al p\u00fablic assistent a participar en un ball col\u00b7lectiu al ritme de la can\u00e7\u00f3 \u201cBonita\u201d de Srta. Dayana, un tema que posa el focus en l&#8217;apoderament femen\u00ed i la capacitat de decisi\u00f3 de les dones.<\/p>\n\n\n\n<p>Posteriorment, ja en la sala d&#8217;actes, s&#8217;ha dut a terme la lectura del manifest del 8M a c\u00e0rrec de Recull J\u00fanior, per a donar pas al mon\u00f2leg \u201c1 de 4\u201d, a c\u00e0rrec de Recull, i que ha sigut interpretat per Cristina Zahonero. L&#8217;obra, de to tragic\u00f2mic, aborda la c\u00e0rrega invisible de la salut mental femenina en una societat que amb freq\u00fc\u00e8ncia la ignora. Entre silencis inc\u00f2modes i moments d&#8217;humor, la protagonista reflexiona sobre el que significa ser \u201cuna de quatre\u201d, en refer\u00e8ncia a l&#8217;estad\u00edstica que indica que una de cada quatre persones pateix problemes de salut mental.<\/p>\n\n\n\n<p>En escena, una dona intenta explicar l&#8217;inexplicable mentre relata com l&#8217;ansietat i la depressi\u00f3 conviuen amb les responsabilitats familiars, laborals i socials. La hist\u00f2ria posa en relleu les pressions que afronten moltes dones en un entorn marcat per expectatives, masclisme, i desigualtats que sovint romanen invisibles.<\/p>\n\n\n\n<p>Dem\u00e0 continuaran les activitats amb l&#8217;acte de la lectura del manifest del 8M en la Pla\u00e7a 8 de Mar\u00e7 i la fumata morada amb la participaci\u00f3 dels centres educatius de la localitat i la batucada Ra\u00edzes, acte previst per a divendres passat i que va ser ajornat per la pluja.<\/p>\n","protected":false},"excerpt":{"rendered":"<p>Prop de 200 persones van participar en una marxa de 5 quil\u00f2metres que va donar pas a una \u201cxocolat\u00e0\u201d, una coreografia col\u00b7lectiva, la lectura del manifest del Dia Internacional de les Dones i el mon\u00f2leg \u201c1 de 4\u201d, Al voltant de 200 persones han participat aquesta vesprada en una nova edici\u00f3 de la Marxa de &#8230; <a title=\"Almenara commemora el 8M amb una jornada d&#8217;activitats culturals, esportives i reivindicatives\" class=\"read-more\" href=\"https:\/\/elcafedepipa.com\/index.php\/2026\/03\/09\/almenara-commemora-el-8m-amb-una-jornada-dactivitats-culturals-esportives-i-reivindicatives\/\" aria-label=\"M\u00e9s informaci\u00f3 sobre Almenara commemora el 8M amb una jornada d&#8217;activitats culturals, esportives i reivindicatives\">Read more<\/a><\/p>\n","protected":false},"author":2,"featured_media":22557,"comment_status":"closed","ping_status":"closed","sticky":false,"template":"","format":"standard","meta":{"om_disable_all_campaigns":false,"_monsterinsights_skip_tracking":false,"_monsterinsights_sitenote_active":false,"_monsterinsights_sitenote_note":"","_monsterinsights_sitenote_category":0,"_uf_show_specific_survey":0,"_uf_disable_surveys":false,"footnotes":""},"categories":[5],"tags":[],"class_list":["post-22556","post","type-post","status-publish","format-standard","has-post-thumbnail","hentry","category-almenara"],"_links":{"self":[{"href":"https:\/\/elcafedepipa.com\/index.php\/wp-json\/wp\/v2\/posts\/22556","targetHints":{"allow":["GET"]}}],"collection":[{"href":"https:\/\/elcafedepipa.com\/index.php\/wp-json\/wp\/v2\/posts"}],"about":[{"href":"https:\/\/elcafedepipa.com\/index.php\/wp-json\/wp\/v2\/types\/post"}],"author":[{"embeddable":true,"href":"https:\/\/elcafedepipa.com\/index.php\/wp-json\/wp\/v2\/users\/2"}],"replies":[{"embeddable":true,"href":"https:\/\/elcafedepipa.com\/index.php\/wp-json\/wp\/v2\/comments?post=22556"}],"version-history":[{"count":1,"href":"https:\/\/elcafedepipa.com\/index.php\/wp-json\/wp\/v2\/posts\/22556\/revisions"}],"predecessor-version":[{"id":22558,"href":"https:\/\/elcafedepipa.com\/index.php\/wp-json\/wp\/v2\/posts\/22556\/revisions\/22558"}],"wp:featuredmedia":[{"embeddable":true,"href":"https:\/\/elcafedepipa.com\/index.php\/wp-json\/wp\/v2\/media\/22557"}],"wp:attachment":[{"href":"https:\/\/elcafedepipa.com\/index.php\/wp-json\/wp\/v2\/media?parent=22556"}],"wp:term":[{"taxonomy":"category","embeddable":true,"href":"https:\/\/elcafedepipa.com\/index.php\/wp-json\/wp\/v2\/categories?post=22556"},{"taxonomy":"post_tag","embeddable":true,"href":"https:\/\/elcafedepipa.com\/index.php\/wp-json\/wp\/v2\/tags?post=22556"}],"curies":[{"name":"wp","href":"https:\/\/api.w.org\/{rel}","templated":true}]}}