{"id":22390,"date":"2026-03-03T12:12:06","date_gmt":"2026-03-03T11:12:06","guid":{"rendered":"https:\/\/elcafedepipa.com\/?p=22390"},"modified":"2026-03-03T12:12:17","modified_gmt":"2026-03-03T11:12:17","slug":"el-pp-aconseguix-en-nules-un-acord-per-a-exigir-al-psoe-la-financacio-justa-de-la-dependencia","status":"publish","type":"post","link":"https:\/\/elcafedepipa.com\/index.php\/2026\/03\/03\/el-pp-aconseguix-en-nules-un-acord-per-a-exigir-al-psoe-la-financacio-justa-de-la-dependencia\/","title":{"rendered":"El PP aconseguix en Nules un acord &#8220;per a exigir al PSOE la finan\u00e7aci\u00f3 justa de la depend\u00e8ncia&#8221;"},"content":{"rendered":"\n<p><\/p>\n\n\n\n<p>El regidor del PP a Nules, Vicente Bertomeu, defensa una iniciativa que reclama al Govern d&#8217;Espanya &#8220;la distribuci\u00f3 dels fons de depend\u00e8ncia en igualtat&#8221;. &#8220;Sabem que les fam\u00edlies necessiten ajudes i per aix\u00f2 demanem un repartiment econ\u00f2mic just&#8221;.<\/p>\n\n\n\n<p>L&#8217;acord permet a la localitat reclamar al Govern d&#8217;Espanya &#8220;all\u00f2 que Nules mereix&#8221;. M\u00e9s de 20.000 fam\u00edlies de la prov\u00edncia de Castell\u00f3 reben ajudes en mat\u00e8ria de depend\u00e8ncia. &#8220;Volem rebre el mateix tracte que S\u00e1nchez dona a altres comunitats&#8221;, indica.<\/p>\n\n\n\n<p>El Partit Popular de Nules ha aconseguit que la localitat reclame al Govern d&#8217;Espanya, per unanimitat, la finan\u00e7aci\u00f3 justa de les ajudes a la depend\u00e8ncia. &#8220;Pedro S\u00e1nchez concedix menys ajudes a la Comunitat Valenciana enfront d&#8217;altres autonomies. No som m\u00e9s que ning\u00fa, per\u00f2 tampoc menys. Exigim el mateix tracte&#8221;.<\/p>\n\n\n\n<p>Aix\u00ed ho ha assenyalat el regidor del PP a la localitat, Vicente Bertomeu, qui ha celebrat &#8220;el consens&#8221; per a donar llum verda a esta iniciativa. &#8220;\u00c9s una bona not\u00edcia per a Nules que tots els partits pol\u00edtics hagem reconegut esta discriminaci\u00f3 de l&#8217;Estat i exigim al president del Govern un tracte igualitari&#8221;. &#8220;No som de segona&#8221;, ha assenyalat el regidor.<\/p>\n\n\n\n<p>La iniciativa que el PPCS ha presentat a nivell provincial i que lidera la presidenta, Marta Barrachina, est\u00e0 arribant a tots els municipis de la prov\u00edncia, aconseguint acords que reclamen &#8220;un tracte no discriminatori cap a la nostra prov\u00edncia&#8221;, segons ha expressat el regidor del PP.<\/p>\n\n\n\n<p>En l&#8217;actualitat, la Generalitat Valenciana s&#8217;encarrega de la finan\u00e7aci\u00f3 del 80% d&#8217;estes ajudes perqu\u00e8 l&#8217;Executiu nom\u00e9s paga el 20%. &#8220;No obstant aix\u00f2, en altres comunitats aut\u00f2nomes s\u00ed que finan\u00e7a el 50%&#8221;, ha explicat el regidor del PP. La moci\u00f3 consensuada per tots els grups establix &#8220;just\u00edcia econ\u00f2mica i igualtat en el repartiment d&#8217;estos fons&#8221;. &#8220;La riquesa d&#8217;un pa\u00eds no hauria de distribuir-se en funci\u00f3 dels interessos ideol\u00f2gics d&#8217;un partit. Tots els espanyols hem de ser tractats per igual. I aix\u00f2 \u00e9s el que Nules ha reclamat a proposta del PP&#8221;, ha concl\u00f2s Bertomeu.<\/p>\n\n\n\n<p><\/p>\n","protected":false},"excerpt":{"rendered":"<p>El regidor del PP a Nules, Vicente Bertomeu, defensa una iniciativa que reclama al Govern d&#8217;Espanya &#8220;la distribuci\u00f3 dels fons de depend\u00e8ncia en igualtat&#8221;. &#8220;Sabem que les fam\u00edlies necessiten ajudes i per aix\u00f2 demanem un repartiment econ\u00f2mic just&#8221;. L&#8217;acord permet a la localitat reclamar al Govern d&#8217;Espanya &#8220;all\u00f2 que Nules mereix&#8221;. M\u00e9s de 20.000 fam\u00edlies &#8230; <a title=\"El PP aconseguix en Nules un acord &#8220;per a exigir al PSOE la finan\u00e7aci\u00f3 justa de la depend\u00e8ncia&#8221;\" class=\"read-more\" href=\"https:\/\/elcafedepipa.com\/index.php\/2026\/03\/03\/el-pp-aconseguix-en-nules-un-acord-per-a-exigir-al-psoe-la-financacio-justa-de-la-dependencia\/\" aria-label=\"M\u00e9s informaci\u00f3 sobre El PP aconseguix en Nules un acord &#8220;per a exigir al PSOE la finan\u00e7aci\u00f3 justa de la depend\u00e8ncia&#8221;\">Read more<\/a><\/p>\n","protected":false},"author":2,"featured_media":22391,"comment_status":"closed","ping_status":"closed","sticky":false,"template":"","format":"standard","meta":{"om_disable_all_campaigns":false,"_monsterinsights_skip_tracking":false,"_monsterinsights_sitenote_active":false,"_monsterinsights_sitenote_note":"","_monsterinsights_sitenote_category":0,"_uf_show_specific_survey":0,"_uf_disable_surveys":false,"footnotes":""},"categories":[3],"tags":[],"class_list":["post-22390","post","type-post","status-publish","format-standard","has-post-thumbnail","hentry","category-nules"],"_links":{"self":[{"href":"https:\/\/elcafedepipa.com\/index.php\/wp-json\/wp\/v2\/posts\/22390","targetHints":{"allow":["GET"]}}],"collection":[{"href":"https:\/\/elcafedepipa.com\/index.php\/wp-json\/wp\/v2\/posts"}],"about":[{"href":"https:\/\/elcafedepipa.com\/index.php\/wp-json\/wp\/v2\/types\/post"}],"author":[{"embeddable":true,"href":"https:\/\/elcafedepipa.com\/index.php\/wp-json\/wp\/v2\/users\/2"}],"replies":[{"embeddable":true,"href":"https:\/\/elcafedepipa.com\/index.php\/wp-json\/wp\/v2\/comments?post=22390"}],"version-history":[{"count":1,"href":"https:\/\/elcafedepipa.com\/index.php\/wp-json\/wp\/v2\/posts\/22390\/revisions"}],"predecessor-version":[{"id":22392,"href":"https:\/\/elcafedepipa.com\/index.php\/wp-json\/wp\/v2\/posts\/22390\/revisions\/22392"}],"wp:featuredmedia":[{"embeddable":true,"href":"https:\/\/elcafedepipa.com\/index.php\/wp-json\/wp\/v2\/media\/22391"}],"wp:attachment":[{"href":"https:\/\/elcafedepipa.com\/index.php\/wp-json\/wp\/v2\/media?parent=22390"}],"wp:term":[{"taxonomy":"category","embeddable":true,"href":"https:\/\/elcafedepipa.com\/index.php\/wp-json\/wp\/v2\/categories?post=22390"},{"taxonomy":"post_tag","embeddable":true,"href":"https:\/\/elcafedepipa.com\/index.php\/wp-json\/wp\/v2\/tags?post=22390"}],"curies":[{"name":"wp","href":"https:\/\/api.w.org\/{rel}","templated":true}]}}